{"id":289821,"date":"2026-09-03T16:03:18","date_gmt":"2026-09-03T16:03:18","guid":{"rendered":"https:\/\/www.europesays.com\/ch-fr\/289821\/"},"modified":"2026-09-03T16:03:18","modified_gmt":"2026-09-03T16:03:18","slug":"accident-spectaculaire-a-conthey-3-blesses-la9-a-ete-fermee-de-midi-a-17-h-40-en-direction-de-martigny","status":"publish","type":"post","link":"https:\/\/www.europesays.com\/ch-fr\/289821\/","title":{"rendered":"Accident spectaculaire \u00e0 Conthey: 3 bless\u00e9s, l\u2019A9 a \u00e9t\u00e9 ferm\u00e9e de midi \u00e0 17\u00a0h\u00a040 en direction de Martigny"},"content":{"rendered":"<p>\n        Accident spectaculaire \u00e0 Conthey: 3 bless\u00e9s, l\u2019A9 est rouverte \u00e0 la circulation en direction de Martigny\n      <\/p>\n<p>Un carambolage impliquant cinq v\u00e9hicules a fait trois bless\u00e9s ce jeudi vers midi \u00e0 Conthey. La circulation a \u00e9t\u00e9 d\u00e9vi\u00e9e entre les sorties de Conthey et Riddes, dans le sens de Martigny, de midi \u00e0 17\u00a0h\u00a040<\/p>\n<p>\n                  03 sept. 2026, 15:27\n                <\/p>\n<p>\n                \/ M\u00e0j. il y a moins d&rsquo;une minute\n              <\/p>\n<p>     <img src=\"https:\/\/www.europesays.com\/ch-fr\/wp-content\/uploads\/2026\/09\/2026-09-03-accident-a9-conthey-polcantvs.jpg\"   alt=\"L'accident s'est produit juste apr\u00e8s la sortie de l'A9 pour Conthey.\" draggable=\"false\" loading=\"eager\" decoding=\"async\" data-picture=\"true\" data-slot=\"img\" data-extension=\"jpg\" fetchpriority=\"high\" class=\"no-class nuxt-aio-img nolazyLoad\" data-v-4a672483=\"\"\/> <\/p>\n<p>\n              L&rsquo;accident s&rsquo;est produit juste apr\u00e8s la sortie de l&rsquo;A9 pour Conthey.\n            <\/p>\n<p>              Police cantonale valaisanne<\/p>\n","protected":false},"excerpt":{"rendered":"Accident spectaculaire \u00e0 Conthey: 3 bless\u00e9s, l\u2019A9 est rouverte \u00e0 la circulation en direction de Martigny Un carambolage&hellip;\n","protected":false},"author":2,"featured_media":289822,"comment_status":"","ping_status":"","sticky":false,"template":"","format":"standard","meta":{"footnotes":"","_share_on_mastodon":"0"},"categories":[3],"tags":[199,25890,1242,198,1093,23],"class_list":["post-289821","post","type-post","status-publish","format-standard","has-post-thumbnail","category-suisse","tag-ce-quil-sest-passe","tag-conthey-commune","tag-fait-divers","tag-info-brute","tag-mobilite","tag-suisse"],"share_on_mastodon":{"url":"https:\/\/pubeurope.com\/@ch_fr\/117207958164048781","error":""},"_links":{"self":[{"href":"https:\/\/www.europesays.com\/ch-fr\/wp-json\/wp\/v2\/posts\/289821","targetHints":{"allow":["GET"]}}],"collection":[{"href":"https:\/\/www.europesays.com\/ch-fr\/wp-json\/wp\/v2\/posts"}],"about":[{"href":"https:\/\/www.europesays.com\/ch-fr\/wp-json\/wp\/v2\/types\/post"}],"author":[{"embeddable":true,"href":"https:\/\/www.europesays.com\/ch-fr\/wp-json\/wp\/v2\/users\/2"}],"replies":[{"embeddable":true,"href":"https:\/\/www.europesays.com\/ch-fr\/wp-json\/wp\/v2\/comments?post=289821"}],"version-history":[{"count":0,"href":"https:\/\/www.europesays.com\/ch-fr\/wp-json\/wp\/v2\/posts\/289821\/revisions"}],"wp:featuredmedia":[{"embeddable":true,"href":"https:\/\/www.europesays.com\/ch-fr\/wp-json\/wp\/v2\/media\/289822"}],"wp:attachment":[{"href":"https:\/\/www.europesays.com\/ch-fr\/wp-json\/wp\/v2\/media?parent=289821"}],"wp:term":[{"taxonomy":"category","embeddable":true,"href":"https:\/\/www.europesays.com\/ch-fr\/wp-json\/wp\/v2\/categories?post=289821"},{"taxonomy":"post_tag","embeddable":true,"href":"https:\/\/www.europesays.com\/ch-fr\/wp-json\/wp\/v2\/tags?post=289821"}],"curies":[{"name":"wp","href":"https:\/\/api.w.org\/{rel}","templated":true}]}}