{"id":289847,"date":"2026-09-03T16:19:07","date_gmt":"2026-09-03T16:19:07","guid":{"rendered":"https:\/\/www.europesays.com\/ch-fr\/289847\/"},"modified":"2026-09-03T16:19:07","modified_gmt":"2026-09-03T16:19:07","slug":"fribourg-une-campagne-pour-lutter-contre-la-precarite-des-jeunes","status":"publish","type":"post","link":"https:\/\/www.europesays.com\/ch-fr\/289847\/","title":{"rendered":"Fribourg : une campagne pour lutter contre la pr\u00e9carit\u00e9 des jeunes"},"content":{"rendered":"<p>La ville de Fribourg et le Conseil des jeunes lancent la campagne \u00ab\u00a0Je g\u00e8re!\u00a0\u00bb, destin\u00e9e aux jeunes et \u00e0 leur entourage. Elle met \u00e0 leur disposition des outils concrets pour les accompagner dans les d\u00e9marches administratives, notamment par le biais d&rsquo;une brochure de ressources, d&rsquo;une page internet et d&rsquo;un programme d&rsquo;ateliers.<\/p>\n<p>Trouver un logement, g\u00e9rer ses assurances ou encore remplir une d\u00e9claration d&rsquo;imp\u00f4ts: l&rsquo;entr\u00e9e dans la majorit\u00e9 am\u00e8ne son lot d&rsquo;inconnues et de nouvelles \u00e9tapes, parfois complexes. En collaboration avec plusieurs acteurs locaux, la <a href=\"https:\/\/www.ville-fribourg.ch\/jegere\" class=\"inline-link\" title=\"&quot;Je g\u00e8re!&quot; Offres de conseils et de soutien pour les jeunes | Ville de Fribourg\" data-item-id=\"richtext_link\" data-rts-ece-id=\"afcd19d5-42f1-3313-8b83-55c1b0ff7ca0\" target=\"_blank\" rel=\"noopener nofollow\">campagne \u00ab\u00a0Je g\u00e8re\u00a0\u00bb<\/a> fournit des outils simples et accessibles pour gagner en autonomie, note jeudi la ville dans un communiqu\u00e9. Elle s&rsquo;adresse aux jeunes de 18 \u00e0 25 ans.<\/p>\n<p> &gt;&gt; Ecouter les pr\u00e9cisions du 12h30\u00a0:    La ville de Fribourg lance une campagne pour lutter contre la pr\u00e9carit\u00e9 chez les jeunes \/ Le 12h30 \/ 1 min. \/ aujourd&rsquo;hui \u00e0 12:37 <\/p>\n<p>Cinq ateliers anim\u00e9s par Caritas et l&rsquo;association Solid-Admin leur seront propos\u00e9s d&rsquo;ici au mois de f\u00e9vrier 2027. Ils aborderont des th\u00e9matiques en lien avec la vie quotidienne, comme les bases de la gestion administrative, le logement, les assurances sociales ou encore la pr\u00e9vention du surendettement.<\/p>\n<p>Valoriser les ressources existantes<\/p>\n<p>La campagne met \u00e9galement \u00e0 disposition une brochure, en version papier et num\u00e9rique, recensant les ressources existantes en ville. Elle s&rsquo;accompagne d&rsquo;une page sur le site web de la ville, qui propose \u00e9galement des liens utiles vers des prestations en ligne.<\/p>\n<p>En plus de renforcer l&rsquo;autonomie des jeunes, la campagne \u00ab\u00a0Je g\u00e8re\u00a0\u00bb doit \u00e9galement permettre de valoriser les ressources existantes et d&rsquo;offrir aux professionnels ainsi qu&rsquo;aux proches un outil simple pour les orienter vers les services adapt\u00e9s.<\/p>\n<p>\u00ab\u00a0Rendre plus visible pour lutter contre\u00a0\u00bb<\/p>\n<p>Interrog\u00e9e dans le 12h30 jeudi, Monika Maire-Hefti, pr\u00e9sidente de Caritas Suisse, indique que les chiffres de la pr\u00e9carit\u00e9 chez les jeunes sont constants. \u00ab\u00a0Ils ne diminuent pas, m\u00eame au contraire\u00a0\u00bb, insiste-t-elle en expliquant que \u00e7a a une \u00ab\u00a0incidence sur leur bien-\u00eatre et leur sant\u00e9 mentale\u00a0\u00bb. \u00ab\u00a0Donc c&rsquo;est louable que la ville de Fribourg s&rsquo;en inqui\u00e8te\u00a0\u00bb, f\u00e9licite-t-elle.<\/p>\n<p>Selon elle, il est important d&rsquo;accompagner ces jeunes \u00ab\u00a0\u00e0 faire un choix professionnel (&#8230;) et avoir des instruments pour lutter contre la pr\u00e9carit\u00e9\u00a0\u00bb car cette situation influe \u00ab\u00a0\u00e9norm\u00e9ment\u00a0\u00bb sur leur \u00ab\u00a0capacit\u00e9 \u00e0 participer \u00e0 la vie sociale\u00a0\u00bb, or c&rsquo;est un point majeur dans la construction d&rsquo;une personne, souligne-t-elle.<\/p>\n<p>Monika Maire-Hefti poursuit: la pr\u00e9carit\u00e9 touche surtout les familles et cela a un \u00ab\u00a0incident fort sur leur lieu de r\u00e9sidence, les possibilit\u00e9s de formation, leur qualit\u00e9 de vie et leur dignit\u00e9\u00a0\u00bb.<\/p>\n<p>C&rsquo;est pour quoi elle pr\u00e9conise de \u00ab\u00a0rendre la pr\u00e9carit\u00e9 et la pauvret\u00e9 visibles pour pouvoir mettre en place des mesures concr\u00e8tes\u00a0\u00bb.<\/p>\n<p class=\"sources\">ats\/juma<\/p>\n","protected":false},"excerpt":{"rendered":"La ville de Fribourg et le Conseil des jeunes lancent la campagne \u00ab\u00a0Je g\u00e8re!\u00a0\u00bb, destin\u00e9e aux jeunes et&hellip;\n","protected":false},"author":2,"featured_media":289848,"comment_status":"","ping_status":"","sticky":false,"template":"","format":"standard","meta":{"footnotes":"","_share_on_mastodon":"0"},"categories":[6],"tags":[13303,45,736,5149,44,43,211,741,4828,92,3522,238,23],"class_list":["post-289847","post","type-post","status-publish","format-standard","has-post-thumbnail","category-economie","tag-biais","tag-business","tag-campagne","tag-comite","tag-economie","tag-economy","tag-fribourg","tag-gouvernement","tag-jeunesse","tag-politique","tag-ressource","tag-societe","tag-suisse"],"share_on_mastodon":{"url":"https:\/\/pubeurope.com\/@ch_fr\/117208021011850553","error":""},"_links":{"self":[{"href":"https:\/\/www.europesays.com\/ch-fr\/wp-json\/wp\/v2\/posts\/289847","targetHints":{"allow":["GET"]}}],"collection":[{"href":"https:\/\/www.europesays.com\/ch-fr\/wp-json\/wp\/v2\/posts"}],"about":[{"href":"https:\/\/www.europesays.com\/ch-fr\/wp-json\/wp\/v2\/types\/post"}],"author":[{"embeddable":true,"href":"https:\/\/www.europesays.com\/ch-fr\/wp-json\/wp\/v2\/users\/2"}],"replies":[{"embeddable":true,"href":"https:\/\/www.europesays.com\/ch-fr\/wp-json\/wp\/v2\/comments?post=289847"}],"version-history":[{"count":0,"href":"https:\/\/www.europesays.com\/ch-fr\/wp-json\/wp\/v2\/posts\/289847\/revisions"}],"wp:featuredmedia":[{"embeddable":true,"href":"https:\/\/www.europesays.com\/ch-fr\/wp-json\/wp\/v2\/media\/289848"}],"wp:attachment":[{"href":"https:\/\/www.europesays.com\/ch-fr\/wp-json\/wp\/v2\/media?parent=289847"}],"wp:term":[{"taxonomy":"category","embeddable":true,"href":"https:\/\/www.europesays.com\/ch-fr\/wp-json\/wp\/v2\/categories?post=289847"},{"taxonomy":"post_tag","embeddable":true,"href":"https:\/\/www.europesays.com\/ch-fr\/wp-json\/wp\/v2\/tags?post=289847"}],"curies":[{"name":"wp","href":"https:\/\/api.w.org\/{rel}","templated":true}]}}