{"id":289869,"date":"2026-09-03T16:35:09","date_gmt":"2026-09-03T16:35:09","guid":{"rendered":"https:\/\/www.europesays.com\/ch-fr\/289869\/"},"modified":"2026-09-03T16:35:09","modified_gmt":"2026-09-03T16:35:09","slug":"vuelta-2026-omrzel-remporte-la-12e-etape-mas-reste-en-rouge","status":"publish","type":"post","link":"https:\/\/www.europesays.com\/ch-fr\/289869\/","title":{"rendered":"Vuelta 2026 : Omrzel remporte la 12e \u00e9tape, Mas reste en rouge"},"content":{"rendered":"<p>Epatant du haut de ses 20 ans, le Slov\u00e8ne Jakob Omrzel a remport\u00e9 jeudi en solitaire la 12e \u00e9tape du Tour d&rsquo;Espagne \u00e0 Calar Alto, en Andalousie. L&rsquo;Espagnol Enric Mas s&rsquo;est un peu plus affirm\u00e9 comme leader du classement g\u00e9n\u00e9ral en venant grapill\u00e9 27 secondes \u00e0 son dauphin Primoz Roglic.<\/p>\n<p>Dans cette \u00e9tape de montagne, avec une arriv\u00e9e au sommet, Jakob Omrzel a sign\u00e9 sa premi\u00e8re victoire sur un Grand Tour au terme d&rsquo;un superbe num\u00e9ro. Le coureur de l&rsquo;\u00e9quipe Bahrain Victorious faisait partie de la premi\u00e8re \u00e9chapp\u00e9e du jour.<\/p>\n<p>Omrzel s&rsquo;est impos\u00e9 devant le Basque Urko Berrade, 2e \u00e0 1&rsquo;56, et son co\u00e9quipier colombien Santiago Buitrago (3e \u00e0 2&rsquo;13). Enric Mas a termin\u00e9 6e de l&rsquo;\u00e9tape et grappill\u00e9 une trentaine de secondes sur ses principaux rivaux Primoz Roglic et Felix Gall.<\/p>\n<p class=\"sources\">afp\/tddb<\/p>\n","protected":false},"excerpt":{"rendered":"Epatant du haut de ses 20 ans, le Slov\u00e8ne Jakob Omrzel a remport\u00e9 jeudi en solitaire la 12e&hellip;\n","protected":false},"author":2,"featured_media":289870,"comment_status":"","ping_status":"","sticky":false,"template":"","format":"standard","meta":{"footnotes":"","_share_on_mastodon":"0"},"categories":[8],"tags":[63142,29915,29278,1105,35367,35550,30765,1107,63143,27262,466,63144,186,75,23,31396,2085,63145,57529],"class_list":["post-289869","post","type-post","status-publish","format-standard","has-post-thumbnail","category-sports","tag-12e-etape","tag-bahrain-victorious","tag-classement-general","tag-cyclisme","tag-dauphin","tag-enric-mas","tag-equipo-kern-pharma","tag-etape","tag-jakob-omrzel","tag-primoz-roglic","tag-rts-sport","tag-santiago-buitrago","tag-sport","tag-sports","tag-suisse","tag-tour-despagne","tag-tout-le-sport","tag-urko-berrade","tag-world-tour-vuelta"],"share_on_mastodon":{"url":"https:\/\/pubeurope.com\/@ch_fr\/117208084128281515","error":""},"_links":{"self":[{"href":"https:\/\/www.europesays.com\/ch-fr\/wp-json\/wp\/v2\/posts\/289869","targetHints":{"allow":["GET"]}}],"collection":[{"href":"https:\/\/www.europesays.com\/ch-fr\/wp-json\/wp\/v2\/posts"}],"about":[{"href":"https:\/\/www.europesays.com\/ch-fr\/wp-json\/wp\/v2\/types\/post"}],"author":[{"embeddable":true,"href":"https:\/\/www.europesays.com\/ch-fr\/wp-json\/wp\/v2\/users\/2"}],"replies":[{"embeddable":true,"href":"https:\/\/www.europesays.com\/ch-fr\/wp-json\/wp\/v2\/comments?post=289869"}],"version-history":[{"count":0,"href":"https:\/\/www.europesays.com\/ch-fr\/wp-json\/wp\/v2\/posts\/289869\/revisions"}],"wp:featuredmedia":[{"embeddable":true,"href":"https:\/\/www.europesays.com\/ch-fr\/wp-json\/wp\/v2\/media\/289870"}],"wp:attachment":[{"href":"https:\/\/www.europesays.com\/ch-fr\/wp-json\/wp\/v2\/media?parent=289869"}],"wp:term":[{"taxonomy":"category","embeddable":true,"href":"https:\/\/www.europesays.com\/ch-fr\/wp-json\/wp\/v2\/categories?post=289869"},{"taxonomy":"post_tag","embeddable":true,"href":"https:\/\/www.europesays.com\/ch-fr\/wp-json\/wp\/v2\/tags?post=289869"}],"curies":[{"name":"wp","href":"https:\/\/api.w.org\/{rel}","templated":true}]}}