{"id":289907,"date":"2026-09-03T16:55:11","date_gmt":"2026-09-03T16:55:11","guid":{"rendered":"https:\/\/www.europesays.com\/ch-fr\/289907\/"},"modified":"2026-09-03T16:55:11","modified_gmt":"2026-09-03T16:55:11","slug":"pourquoi-le-marche-des-bureaux-ne-sest-pas-effondre-malgre-lessor-du-teletravail","status":"publish","type":"post","link":"https:\/\/www.europesays.com\/ch-fr\/289907\/","title":{"rendered":"Pourquoi le march\u00e9 des bureaux ne s\u2019est pas effondr\u00e9, malgr\u00e9 l\u2019essor du t\u00e9l\u00e9travail"},"content":{"rendered":"<p>    R\u00e9sum\u00e9 en 20 secondes<\/p>\n<p>        En savoir plus sur ce type de contenu<\/p>\n<p>Ce r\u00e9sum\u00e9 peut avoir \u00e9t\u00e9 \u00e9crit avec l&rsquo;assistance d\u2019une IA g\u00e9n\u00e9rative. <a href=\"https:\/\/www.letemps.ch\/cyber\/l-usage-de-l-ia-generative-par-les-journalistes-du-temps\" rel=\"nofollow noopener\" target=\"_blank\">En savoir plus<\/a><\/p>\n<p class=\"article__abstract-call-to-action\" data-ariato=\"TrackableElement\" data-trackable-element-type=\"article_abstract_cta\" data-trackable-element-location=\"article_header\" data-trackable-element-id=\"541444\">\n        <a data-event=\"click-&gt;clicked\" href=\"https:\/\/www.letemps.ch\/abonnements\" rel=\"nofollow noopener\" target=\"_blank\">Abonnez-vous<\/a> pour acc\u00e9der au r\u00e9sum\u00e9 en 20 secondes.\n      <\/p>\n<p>Le sc\u00e9nario catastrophe ne s\u2019est pas produit. Plus de six ans apr\u00e8s le d\u00e9but de la pand\u00e9mie, le march\u00e9 suisse des bureaux reste sous pression, mais il est loin de l\u2019effondrement annonc\u00e9, selon <a href=\"https:\/\/www.raiffeisen.ch\/rch\/fr\/qui-sommes-nous\/nouvelles\/rch\/immobilier-suisse-3t26.html\" rel=\"nofollow noopener\" target=\"_blank\">une \u00e9tude immobili\u00e8re men\u00e9e par Raiffeisen<\/a>. Les loyers ont recul\u00e9, les entreprises ont optimis\u00e9 leurs espaces, mais la demande se maintient. Certains indicateurs se redressent m\u00eame.<\/p>\n<p>\u00abCette r\u00e9sistance est un peu \u00e9tonnante\u00bb, indique au Temps Michel Fleury, coauteur de l\u2019\u00e9tude, publi\u00e9e jeudi. Le t\u00e9l\u00e9travail devait durablement r\u00e9duire les besoins en postes de travail et lib\u00e9rer d\u2019importantes surfaces. Pourtant, \u00able march\u00e9 ne s\u2019est pas du tout effondr\u00e9 malgr\u00e9 la disruption du covid\u00bb, observe l\u2019\u00e9conomiste.<\/p>\n","protected":false},"excerpt":{"rendered":"R\u00e9sum\u00e9 en 20 secondes En savoir plus sur ce type de contenu Ce r\u00e9sum\u00e9 peut avoir \u00e9t\u00e9 \u00e9crit&hellip;\n","protected":false},"author":2,"featured_media":289908,"comment_status":"","ping_status":"","sticky":false,"template":"","format":"standard","meta":{"footnotes":"","_share_on_mastodon":"0"},"categories":[6],"tags":[45,4453,44,1226,43,174,23,4332],"class_list":["post-289907","post","type-post","status-publish","format-standard","has-post-thumbnail","category-economie","tag-business","tag-covid-19","tag-economie","tag-economie-suisse","tag-economy","tag-premium","tag-suisse","tag-travail"],"share_on_mastodon":{"url":"https:\/\/pubeurope.com\/@ch_fr\/117208162261993773","error":""},"_links":{"self":[{"href":"https:\/\/www.europesays.com\/ch-fr\/wp-json\/wp\/v2\/posts\/289907","targetHints":{"allow":["GET"]}}],"collection":[{"href":"https:\/\/www.europesays.com\/ch-fr\/wp-json\/wp\/v2\/posts"}],"about":[{"href":"https:\/\/www.europesays.com\/ch-fr\/wp-json\/wp\/v2\/types\/post"}],"author":[{"embeddable":true,"href":"https:\/\/www.europesays.com\/ch-fr\/wp-json\/wp\/v2\/users\/2"}],"replies":[{"embeddable":true,"href":"https:\/\/www.europesays.com\/ch-fr\/wp-json\/wp\/v2\/comments?post=289907"}],"version-history":[{"count":0,"href":"https:\/\/www.europesays.com\/ch-fr\/wp-json\/wp\/v2\/posts\/289907\/revisions"}],"wp:featuredmedia":[{"embeddable":true,"href":"https:\/\/www.europesays.com\/ch-fr\/wp-json\/wp\/v2\/media\/289908"}],"wp:attachment":[{"href":"https:\/\/www.europesays.com\/ch-fr\/wp-json\/wp\/v2\/media?parent=289907"}],"wp:term":[{"taxonomy":"category","embeddable":true,"href":"https:\/\/www.europesays.com\/ch-fr\/wp-json\/wp\/v2\/categories?post=289907"},{"taxonomy":"post_tag","embeddable":true,"href":"https:\/\/www.europesays.com\/ch-fr\/wp-json\/wp\/v2\/tags?post=289907"}],"curies":[{"name":"wp","href":"https:\/\/api.w.org\/{rel}","templated":true}]}}