{"id":289929,"date":"2026-09-03T17:10:20","date_gmt":"2026-09-03T17:10:20","guid":{"rendered":"https:\/\/www.europesays.com\/ch-fr\/289929\/"},"modified":"2026-09-03T17:10:20","modified_gmt":"2026-09-03T17:10:20","slug":"territoire-de-belfort-nouvelle-ecole-sur-netflix-pourquoi-le-parcours-du-rappeur-de-delle-nevon-sest-arrete-plus-tot-que-prevu","status":"publish","type":"post","link":"https:\/\/www.europesays.com\/ch-fr\/289929\/","title":{"rendered":"Territoire de Belfort. \u00ab Nouvelle \u00c9cole \u00bb sur Netflix : pourquoi le parcours du rappeur de Delle, Nevon, s\u2019est arr\u00eat\u00e9 plus t\u00f4t que pr\u00e9vu"},"content":{"rendered":"<p>Depuis le 26\u00a0ao\u00fbt dernier, le rappeur terrifortain Nevon, originaire de Delle, <a href=\"https:\/\/www.estrepublicain.fr\/culture-loisirs\/2026\/08\/07\/il-va-falloir-tout-casser-et-prouver-a-la-france-entiere-qu-on-merite-sa-selection-un-rappeur-belfortain-a-l-affiche-de-i-nouvelle-ecole-i-sur-netflix\" target=\"_blank\" rel=\"nofollow noopener\">participe au concours de Netflix \u00ab\u00a0Nouvelle \u00e9cole\u00a0\u00bb<\/a>. Le programme est d\u2019ailleurs dans le top dix des contenus les plus visionn\u00e9s actuellement en France sur la plateforme de streaming. Cette ann\u00e9e, l\u2019\u00e9mission regroupe 20 rappeurs et rappeuses issus de France et de Belgique. Ces derniers s\u2019affrontent dans diverses \u00e9preuves artistiques. Le vainqueur final se verra offrir 100\u00a0000\u00a0euros et l\u2019opportunit\u00e9 de produire un album dans des conditions optimales.<\/p>\n<p>S\u00e9lectionn\u00e9 parmi un millier de candidatures, Nevon a r\u00e9ussi \u00e0 s\u2019illustrer lors de la premi\u00e8re \u00e9preuve commune du freestyle. L\u2019artiste franc-comtois \u00e9tait autour de la table des artistes class\u00e9s \u00ab\u00a0niveau interm\u00e9diaire\u00a0\u00bb par le jury du concours, compos\u00e9 des stars du rap SDM, <a href=\"https:\/\/www.estrepublicain.fr\/culture-loisirs\/2024\/07\/05\/les-gens-voudraient-que-nous-soyons-divises-dans-la-tete-du-rappeur-oli\" target=\"_blank\" rel=\"nofollow noopener\">Oli (du duo Bigflo &amp; Oli)<\/a> et de Th\u00e9odora.<\/p>\n<p>  Salu\u00e9 par SDM<\/p>\n<p>Ni coup de c\u0153ur, ni outsider, Nevon a su convaincre le public et le jury lors de sa premi\u00e8re prestation. \u00ab\u00a0Bien l\u2019artiste, lui lance SDM \u00e0 la fin de son freestyle. J\u2019ai \u00e9t\u00e9 surpris de ta proposition, qui change de ce que tu nous avais montr\u00e9 lors du casting. Merci pour \u00e7a l\u2019ami.\u00a0\u00bb Malheureusement, l\u2019artiste dellois n\u2019a pas autant perform\u00e9 lors de la seconde \u00e9preuve.<\/p>\n<p>Dans le deuxi\u00e8me \u00e9pisode de la saison, la quinzaine de candidats encore en lice doit se frotter \u00e0 l\u2019\u00e9preuve du live. Contrairement \u00e0 plusieurs de ses adversaires, Nevon part pourtant avec une longueur d\u2019avance gr\u00e2ce \u00e0 son exp\u00e9rience sur sc\u00e8ne, <a href=\"https:\/\/www.estrepublicain.fr\/culture-loisirs\/2026\/01\/28\/qui-sont-les-trois-groupes-de-rap-qui-se-produiront-au-concert-des-talents-locaux-a-la-poudriere\" target=\"_blank\" rel=\"nofollow noopener\">que ce soit au Fimu ou \u00e0 la Poudri\u00e8re<\/a>. Malgr\u00e9 une prestance qui semble avoir plu au public, l\u2019artiste n\u2019a pas \u00e9t\u00e9 choisi pour acc\u00e9der \u00e0 la troisi\u00e8me \u00e9preuve.<\/p>\n<p>Malheureusement, les t\u00e9l\u00e9spectateurs ne pourront pas r\u00e9ellement juger la prestation du rappeur, r\u00e9duite \u00e0 quelques secondes au montage. Une r\u00e9alisation assez bancale de Netflix, qui n\u2019aura m\u00eame pas laiss\u00e9 le jury expliquer son choix, pr\u00e9f\u00e9rant laisser \u00e0 l\u2019\u00e9cran quelques sc\u00e8nes de coulisses peu int\u00e9ressantes. Malgr\u00e9 cet arr\u00eat pr\u00e9matur\u00e9, le rappeur originaire de Delle compte bien surfer sur le succ\u00e8s du programme et sa visibilit\u00e9 nationale. L\u2019artiste vient d\u2019ailleurs de sortir un nouveau single, Traumatismes , accompagn\u00e9 d\u2019un clip disponible sur YouTube.<\/p>\n","protected":false},"excerpt":{"rendered":"Depuis le 26\u00a0ao\u00fbt dernier, le rappeur terrifortain Nevon, originaire de Delle, participe au concours de Netflix \u00ab\u00a0Nouvelle \u00e9cole\u00a0\u00bb.&hellip;\n","protected":false},"author":2,"featured_media":289930,"comment_status":"","ping_status":"","sticky":false,"template":"","format":"standard","meta":{"footnotes":"","_share_on_mastodon":"0"},"categories":[12],"tags":[63174,63173,113,2265,112,297,140,141,238,23,753,2266],"class_list":["post-289929","post","type-post","status-publish","format-standard","has-post-thumbnail","category-musique","tag-cc-du-sud-territoire-90a","tag-delle","tag-divertissement","tag-edition-belfort-hericourt-montbeliard","tag-entertainment","tag-fil-info","tag-music","tag-musique","tag-societe","tag-suisse","tag-television-medias","tag-territoire-de-belfort"],"share_on_mastodon":{"url":"https:\/\/pubeurope.com\/@ch_fr\/117208221519178526","error":""},"_links":{"self":[{"href":"https:\/\/www.europesays.com\/ch-fr\/wp-json\/wp\/v2\/posts\/289929","targetHints":{"allow":["GET"]}}],"collection":[{"href":"https:\/\/www.europesays.com\/ch-fr\/wp-json\/wp\/v2\/posts"}],"about":[{"href":"https:\/\/www.europesays.com\/ch-fr\/wp-json\/wp\/v2\/types\/post"}],"author":[{"embeddable":true,"href":"https:\/\/www.europesays.com\/ch-fr\/wp-json\/wp\/v2\/users\/2"}],"replies":[{"embeddable":true,"href":"https:\/\/www.europesays.com\/ch-fr\/wp-json\/wp\/v2\/comments?post=289929"}],"version-history":[{"count":0,"href":"https:\/\/www.europesays.com\/ch-fr\/wp-json\/wp\/v2\/posts\/289929\/revisions"}],"wp:featuredmedia":[{"embeddable":true,"href":"https:\/\/www.europesays.com\/ch-fr\/wp-json\/wp\/v2\/media\/289930"}],"wp:attachment":[{"href":"https:\/\/www.europesays.com\/ch-fr\/wp-json\/wp\/v2\/media?parent=289929"}],"wp:term":[{"taxonomy":"category","embeddable":true,"href":"https:\/\/www.europesays.com\/ch-fr\/wp-json\/wp\/v2\/categories?post=289929"},{"taxonomy":"post_tag","embeddable":true,"href":"https:\/\/www.europesays.com\/ch-fr\/wp-json\/wp\/v2\/tags?post=289929"}],"curies":[{"name":"wp","href":"https:\/\/api.w.org\/{rel}","templated":true}]}}