{"id":289945,"date":"2026-09-03T17:18:14","date_gmt":"2026-09-03T17:18:14","guid":{"rendered":"https:\/\/www.europesays.com\/ch-fr\/289945\/"},"modified":"2026-09-03T17:18:14","modified_gmt":"2026-09-03T17:18:14","slug":"valerie-dittli-controverse-autour-de-20000-francs-de-dons","status":"publish","type":"post","link":"https:\/\/www.europesays.com\/ch-fr\/289945\/","title":{"rendered":"Val\u00e9rie Dittli : controverse autour de 20&rsquo;000 francs de dons"},"content":{"rendered":"<p>Un don de 20&rsquo;000 francs a \u00e9t\u00e9 vers\u00e9 par un riche propri\u00e9taire viticole sur un compte du Centre Lavaux \u2013 Oron pour soutenir l&rsquo;activit\u00e9 politique de la conseill\u00e8re d&rsquo;Etat Val\u00e9rie Dittli. Une somme vers\u00e9e un jour seulement apr\u00e8s l&rsquo;annonce d&rsquo;un plan d&rsquo;aide de 17 millions de francs pour la viticulture vaudoise. Un calendrier qui soul\u00e8ve des interrogations.\u00a0<\/p>\n<p>Le 14 novembre 2025, 19&rsquo;800 francs au total ont \u00e9t\u00e9 vers\u00e9s sur un sous-compte du Centre Vaud, qu&rsquo;elle \u00e9tait la seule \u00e0 utiliser,\u00a0selon des informations de la RTS. Ces dons proviendraient de quatre soci\u00e9t\u00e9s appartenant \u00e0 J\u00fcrg Sta\u00fcbli, un grand propri\u00e9taire de vignes dans le canton de Vaud et l&rsquo;une des 300 plus grandes fortunes de Suisse, selon <a href=\"https:\/\/www.bilan.ch\/story\/classement-les-300-plus-grandes-fortunes-de-suisse-342217367665\" class=\"inline-link\" data-item-id=\"richtext_link\" data-rts-ece-id=\"bb81d1f9-2198-3b83-a31b-cd5851e2b158\" target=\"_blank\" rel=\"noopener nofollow\">Bilan<\/a>.<\/p>\n<p>Le calendrier de ces versements interroge. La veille, le 13 novembre 2025, la conseill\u00e8re d&rsquo;Etat charg\u00e9e de l&rsquo;agriculture avait pr\u00e9sent\u00e9 un plan d&rsquo;aide de 17 millions de francs destin\u00e9 \u00e0 la viticulture vaudoise.<\/p>\n<p>&gt;&gt; Lire aussi\u00a0: <a href=\"https:\/\/www.rts.ch\/info\/regions\/vaud\/2026\/article\/centre-vaud-accusation-de-detournement-visant-valerie-dittli-29339562.html\" data-item-id=\"richtext_link\" rel=\"nofollow noopener\" target=\"_blank\">Apr\u00e8s une nouvelle pol\u00e9mique, Val\u00e9rie Dittli quitte le Centre Vaud et lance son propre parti<\/a><\/p>\n<p>Un don fractionn\u00e9<\/p>\n<p>J\u00fcrg Sta\u00fcbli, interrog\u00e9 par <a href=\"https:\/\/www.24heures.ch\/dittli-une-deputee-socialiste-repose-la-question-de-la-transparence-796175709587\" class=\"inline-link\" data-item-id=\"richtext_link\" data-rts-ece-id=\"9c665dc9-c786-3801-b8e2-9e82d9c2cdb7\" target=\"_blank\" rel=\"noopener nofollow\">24 Heures<\/a>, a reconnu avoir sciemment divis\u00e9 son don en quatre montants de 4950 francs pour \u00e9viter la transparence impos\u00e9e par la loi sur le financement des partis. Contact\u00e9 par la RTS, il renvoie \u00e0 son compte LinkedIn, sur lequel il \u00e9crit avoir vers\u00e9 de l\u2019argent \u00e0 Val\u00e9rie Dittli dont il soutient le travail.\u00a0<\/p>\n<p>Il a \u00e9galement confirm\u00e9 que ce soutien financier \u00e9tait destin\u00e9 \u00e0 la ministre en personne, d\u00e9clarant: \u00ab\u00a0Oui, je connais Val\u00e9rie, oui, je l&rsquo;ai soutenue financi\u00e8rement, oui, je suis de l&rsquo;avis qu&rsquo;elle fait un tr\u00e8s bon travail dans sa fonction de ministre de l&rsquo;Agriculture et de la Viticulture.\u00a0\u00bb<\/p>\n<p>Des questions sur la l\u00e9galit\u00e9 des dons<\/p>\n<p>La Chancellerie cantonale rappelle que les conseillers d&rsquo;\u00c9tat ne peuvent accepter de dons en esp\u00e8ces, quel qu&rsquo;en soit le montant. Une directive interne fixe par ailleurs \u00e0 300 francs le plafond des dons de faible importance acceptables pour l&rsquo;ensemble des fonctionnaires.<\/p>\n<p>L&rsquo;avocat p\u00e9naliste Lo\u00efc Parrein estime que cette affaire m\u00e9rite un examen approfondi: \u00ab\u00a0Lorsqu&rsquo;un acteur \u00e9conomique actif dans le domaine de comp\u00e9tence d&rsquo;un ministre effectue des versements financiers, et qu&rsquo;une d\u00e9cision prise par ce m\u00eame ministre semble le favoriser, il y a des raisons de s&rsquo;interroger\u00a0\u00bb, d\u00e9clare-t-il.<\/p>\n<p>Val\u00e9rie Dittli se d\u00e9fend\u00a0<\/p>\n<p>Val\u00e9rie Dittli pr\u00e9cise que le compte cr\u00e9\u00e9 conjointement sous la banni\u00e8re du Centre Lavaux-Oron \u00ab\u00a0\u00e9tait effectivement une construction qu\u2019on a faite ensemble en vue d&rsquo;une potentielle future campagne\u00a0\u00bb.<\/p>\n<p>Pour elle, il s\u2019agissait clairement de la soutenir en tant que ministre, m\u00eame si elle n&rsquo;\u00e9tait pas en campagne \u00e0 cette \u00e9poque, \u00e0 fin 2025. \u00ab\u00a0Un soutien, dans la vie politique d&rsquo;un conseiller d\u2019Etat, c&rsquo;est pour une future campagne. Sinon, on ne soutient pas un conseiller d&rsquo;Etat.\u00a0\u00bb<\/p>\n<p>Elle pr\u00e9cise encore qu'\u00a0\u00bbil faut maintenant demander, avec cette nouvelle situation depuis que j&rsquo;ai quitt\u00e9 le Centre Vaud, aux personnes qui ont donn\u00e9 de l&rsquo;argent si elles souhaitent donner pour la campagne de Val\u00e9rie Dittli au Conseil d&rsquo;Etat ou pour la campagne d&rsquo;un candidat centriste au Conseil d&rsquo;Etat.\u00a0\u00bb<\/p>\n<p>Quant au calendrier des versements et de l\u2019annonce du plan d\u2019aide \u00e0 la viticulture, la ministre r\u00e9pond: \u00ab\u00a0Monsieur Sta\u00fcbli a choisi le moment et les montants qu&rsquo;il a vers\u00e9s. Ce n\u2019est pas de ma responsabilit\u00e9.\u00a0\u00bb<\/p>\n<p>Et de pr\u00e9ciser: \u00ab\u00a0Mais je peux aussi vous assurer que d\u00e8s que j\u2019ai vu les questions que cela posait, j&rsquo;ai demand\u00e9 \u00e0 mes services s\u2019il y avait un m\u00e9lange entre les fonds qui sont vers\u00e9s, une co\u00efncidence. Ils m\u2019ont dit que Monsieur Sta\u00fcbli n\u2019avait \u00e0 ce jour, et \u00e0 ma connaissance, pas b\u00e9n\u00e9fici\u00e9 de ces aides.\u00a0\u00bb<\/p>\n<p>Contact\u00e9, le gouvernement vaudois pr\u00e9cise ne pas s&rsquo;exprimer sur ce cas particulier. Il r\u00e9pondra, mardi prochain, \u00e0 une question orale d&rsquo;une d\u00e9put\u00e9e socialiste sur la transparence du financement des campagnes.\u00a0<\/p>\n<p class=\"sources\">Carole Pantet<\/p>\n","protected":false},"excerpt":{"rendered":"Un don de 20&rsquo;000 francs a \u00e9t\u00e9 vers\u00e9 par un riche propri\u00e9taire viticole sur un compte du Centre&hellip;\n","protected":false},"author":2,"featured_media":289946,"comment_status":"","ping_status":"","sticky":false,"template":"","format":"standard","meta":{"footnotes":"","_share_on_mastodon":"0"},"categories":[3],"tags":[63177,736,3747,344,2242,92,47281,238,23,3749,325],"class_list":["post-289945","post","type-post","status-publish","format-standard","has-post-thumbnail","category-suisse","tag-activites-caritatives","tag-campagne","tag-conseiller-detat","tag-economie-et-finances","tag-ministre","tag-politique","tag-protection-sociale","tag-societe","tag-suisse","tag-valerie-dittli","tag-vaud"],"share_on_mastodon":{"url":"https:\/\/pubeurope.com\/@ch_fr\/117208252603662906","error":""},"_links":{"self":[{"href":"https:\/\/www.europesays.com\/ch-fr\/wp-json\/wp\/v2\/posts\/289945","targetHints":{"allow":["GET"]}}],"collection":[{"href":"https:\/\/www.europesays.com\/ch-fr\/wp-json\/wp\/v2\/posts"}],"about":[{"href":"https:\/\/www.europesays.com\/ch-fr\/wp-json\/wp\/v2\/types\/post"}],"author":[{"embeddable":true,"href":"https:\/\/www.europesays.com\/ch-fr\/wp-json\/wp\/v2\/users\/2"}],"replies":[{"embeddable":true,"href":"https:\/\/www.europesays.com\/ch-fr\/wp-json\/wp\/v2\/comments?post=289945"}],"version-history":[{"count":0,"href":"https:\/\/www.europesays.com\/ch-fr\/wp-json\/wp\/v2\/posts\/289945\/revisions"}],"wp:featuredmedia":[{"embeddable":true,"href":"https:\/\/www.europesays.com\/ch-fr\/wp-json\/wp\/v2\/media\/289946"}],"wp:attachment":[{"href":"https:\/\/www.europesays.com\/ch-fr\/wp-json\/wp\/v2\/media?parent=289945"}],"wp:term":[{"taxonomy":"category","embeddable":true,"href":"https:\/\/www.europesays.com\/ch-fr\/wp-json\/wp\/v2\/categories?post=289945"},{"taxonomy":"post_tag","embeddable":true,"href":"https:\/\/www.europesays.com\/ch-fr\/wp-json\/wp\/v2\/tags?post=289945"}],"curies":[{"name":"wp","href":"https:\/\/api.w.org\/{rel}","templated":true}]}}