{"id":289947,"date":"2026-09-03T17:19:08","date_gmt":"2026-09-03T17:19:08","guid":{"rendered":"https:\/\/www.europesays.com\/ch-fr\/289947\/"},"modified":"2026-09-03T17:19:08","modified_gmt":"2026-09-03T17:19:08","slug":"des-mondiaux-bientot-presque-chaque-annee","status":"publish","type":"post","link":"https:\/\/www.europesays.com\/ch-fr\/289947\/","title":{"rendered":"Des Mondiaux bient\u00f4t presque chaque ann\u00e9e"},"content":{"rendered":"<p class=\"wysiwyg-h2\">La F\u00e9d\u00e9ration internationale de ski et de snowboard (FIS) pr\u00e9voit d&rsquo;organiser des championnats du monde presque chaque ann\u00e9e \u00e0 partir de 2032.<\/p>\n<p>Comme l&rsquo;a d\u00e9cid\u00e9 son Conseil lors d&rsquo;une r\u00e9union de deux jours \u00e0 Thoune, ces comp\u00e9titions auront lieu toutes les ann\u00e9es non olympiques.<\/p>\n<p>\u00c0 Thoune, le Conseil de la FIS a examin\u00e9 une \u00e9tude de faisabilit\u00e9 portant sur l&rsquo;augmentation du nombre de championnats du monde. Jusqu&rsquo;\u00e0 pr\u00e9sent, les Mondiaux des disciplines de la FIS (ski alpin, ski nordique, ski acrobatique et snowboard) n&rsquo;ont lieu que les ann\u00e9es impaires. Le concept a \u00e9t\u00e9 approuv\u00e9, indique un communiqu\u00e9 de la FIS. Par ailleurs, on examine si des championnats du monde suppl\u00e9mentaires pourraient avoir lieu d\u00e8s 2028.<\/p>\n<p>Les prochains championnats du monde de ski alpin se tiendront en 2027 \u00e0 Crans-Montana, tandis que les Mondiaux de ski nordique 2027 auront lieu \u00e0 Falun, en Su\u00e8de. Les snowboardeurs et les freestylers s&rsquo;affronteront quant \u00e0 eux \u00e0 Montafon, dans le Vorarlberg, et \u00e0 K\u00fchtai, dans le Tyrol.<\/p>\n<p> \/ATS<\/p>\n","protected":false},"excerpt":{"rendered":"La F\u00e9d\u00e9ration internationale de ski et de snowboard (FIS) pr\u00e9voit d&rsquo;organiser des championnats du monde presque chaque ann\u00e9e&hellip;\n","protected":false},"author":2,"featured_media":289948,"comment_status":"","ping_status":"","sticky":false,"template":"","format":"standard","meta":{"footnotes":"","_share_on_mastodon":"0"},"categories":[4],"tags":[22,121,124,128,119,122,123,118,136,132,131,133,130,21,135,120,126,117,125,114,115,116,23,129,127,134],"class_list":["post-289947","post","type-post","status-publish","format-standard","has-post-thumbnail","category-actualites","tag-actualites","tag-ajoie","tag-animation","tag-bienne","tag-delemont","tag-franches-montagnes","tag-frequence","tag-jura","tag-jura-bernois","tag-la-chaux-de-fonds","tag-moutier","tag-neuchatel","tag-neuveville","tag-news","tag-payerne","tag-porrentruy","tag-publicite","tag-radio","tag-redaction","tag-rfj","tag-rjb","tag-rtn","tag-suisse","tag-tavannes","tag-vallon-de-st-imier","tag-yverdon"],"share_on_mastodon":{"url":"https:\/\/pubeurope.com\/@ch_fr\/117208256666180733","error":""},"_links":{"self":[{"href":"https:\/\/www.europesays.com\/ch-fr\/wp-json\/wp\/v2\/posts\/289947","targetHints":{"allow":["GET"]}}],"collection":[{"href":"https:\/\/www.europesays.com\/ch-fr\/wp-json\/wp\/v2\/posts"}],"about":[{"href":"https:\/\/www.europesays.com\/ch-fr\/wp-json\/wp\/v2\/types\/post"}],"author":[{"embeddable":true,"href":"https:\/\/www.europesays.com\/ch-fr\/wp-json\/wp\/v2\/users\/2"}],"replies":[{"embeddable":true,"href":"https:\/\/www.europesays.com\/ch-fr\/wp-json\/wp\/v2\/comments?post=289947"}],"version-history":[{"count":0,"href":"https:\/\/www.europesays.com\/ch-fr\/wp-json\/wp\/v2\/posts\/289947\/revisions"}],"wp:featuredmedia":[{"embeddable":true,"href":"https:\/\/www.europesays.com\/ch-fr\/wp-json\/wp\/v2\/media\/289948"}],"wp:attachment":[{"href":"https:\/\/www.europesays.com\/ch-fr\/wp-json\/wp\/v2\/media?parent=289947"}],"wp:term":[{"taxonomy":"category","embeddable":true,"href":"https:\/\/www.europesays.com\/ch-fr\/wp-json\/wp\/v2\/categories?post=289947"},{"taxonomy":"post_tag","embeddable":true,"href":"https:\/\/www.europesays.com\/ch-fr\/wp-json\/wp\/v2\/tags?post=289947"}],"curies":[{"name":"wp","href":"https:\/\/api.w.org\/{rel}","templated":true}]}}