{"id":289973,"date":"2026-09-03T17:35:12","date_gmt":"2026-09-03T17:35:12","guid":{"rendered":"https:\/\/www.europesays.com\/ch-fr\/289973\/"},"modified":"2026-09-03T17:35:12","modified_gmt":"2026-09-03T17:35:12","slug":"liechtenstein-le-parlement-vote-en-faveur-de-lavortement","status":"publish","type":"post","link":"https:\/\/www.europesays.com\/ch-fr\/289973\/","title":{"rendered":"Liechtenstein : le Parlement vote en faveur de l&rsquo;avortement"},"content":{"rendered":"<p>Le Parlement du Liechtenstein a vot\u00e9 mercredi, \u00e0 la plus courte majorit\u00e9 possible, en faveur d&rsquo;une initiative citoyenne visant \u00e0 l\u00e9galiser l&rsquo;avortement dans cette petite principaut\u00e9 alpine. Le prince h\u00e9r\u00e9ditaire Alois, qui dispose d&rsquo;un droit de veto, a cependant clairement exprim\u00e9 son opposition au texte.<\/p>\n<p>Le comit\u00e9 \u00e0 l&rsquo;origine de l&rsquo;initiative a recueilli 4970 signatures, soit pr\u00e8s de cinq fois le minimum l\u00e9gal de 1000 requis pour une telle d\u00e9marche. C&rsquo;est un nombre tr\u00e8s important pour cette minuscule principaut\u00e9 germanophone qui compte \u00e0 peine 41&rsquo;000 habitants \u2013 dont environ 35% sont des r\u00e9sidents \u00e9trangers permanents \u2013 et o\u00f9 le catholicisme est religion d&rsquo;Etat.<\/p>\n<p>L&rsquo;initiative a \u00e9t\u00e9 examin\u00e9e mercredi par le Landtag \u2013 le Parlement \u2013 \u00e0 Vaduz, la capitale, et a fait l&rsquo;objet d&rsquo;un vote apr\u00e8s un long d\u00e9bat. \u00ab\u00a0Approuv\u00e9e par 13 voix sur les 25 membres pr\u00e9sents. Le Landtag a donc accept\u00e9 l&rsquo;initiative citoyenne\u00a0\u00bb, a d\u00e9clar\u00e9 le pr\u00e9sident du Parlement, Manfred Kaufmann, en annon\u00e7ant le r\u00e9sultat.<\/p>\n<p>Si le Landtag avait rejet\u00e9 le texte, la mesure aurait \u00e9t\u00e9 soumise \u00e0 r\u00e9f\u00e9rendum. Lors d&rsquo;un r\u00e9f\u00e9rendum sur la l\u00e9galisation de l&rsquo;avortement en 2011, 52% des \u00e9lecteurs s&rsquo;y \u00e9taient oppos\u00e9s.<\/p>\n<p>Possible en cas exceptionnel<\/p>\n<p>L&rsquo;avortement est interdit au Liechtenstein. Il n&rsquo;est autoris\u00e9 que dans des cas exceptionnels, par exemple lorsque la vie de la m\u00e8re est en danger ou lorsqu&rsquo;une femme est tomb\u00e9e enceinte \u00e0 la suite d&rsquo;un viol.<\/p>\n<p>Une femme qui avorte risque jusqu&rsquo;\u00e0 un an de prison et une personne qui pratique un avortement en dehors des exceptions pr\u00e9vues jusqu&rsquo;\u00e0 trois ans d&#8217;emprisonnement.<\/p>\n<p>Port\u00e9e notamment par Tatjana As&rsquo;Ad, 28 ans, l&rsquo;une des responsables du petit parti de gauche Freie Liste (liste libre), l&rsquo;initiative r\u00e9clame la l\u00e9galisation de l&rsquo;avortement durant les trois premiers mois de grossesse.<\/p>\n<p>&gt;&gt; Lire \u00e0 ce sujet\u00a0: <a href=\"https:\/\/www.rts.ch\/info\/societe\/2026\/article\/liechtenstein-des-femmes-veulent-legaliser-l-avortement-malgre-le-prince-29148840.html\" data-item-id=\"richtext_link\" rel=\"nofollow noopener\" target=\"_blank\">Des femmes relancent le d\u00e9bat sur l&rsquo;avortement dans la tr\u00e8s conservatrice principaut\u00e9 du Liechtenstein<\/a><\/p>\n<p class=\"sources\">ats\/asch<\/p>\n","protected":false},"excerpt":{"rendered":"Le Parlement du Liechtenstein a vot\u00e9 mercredi, \u00e0 la plus courte majorit\u00e9 possible, en faveur d&rsquo;une initiative citoyenne&hellip;\n","protected":false},"author":2,"featured_media":289974,"comment_status":"","ping_status":"","sticky":false,"template":"","format":"standard","meta":{"footnotes":"","_share_on_mastodon":"0"},"categories":[5],"tags":[2657,8193,13569,305,741,743,40,421,3399,1251,92,20836,238,63178,745,41,42],"class_list":["post-289973","post","type-post","status-publish","format-standard","has-post-thumbnail","category-international","tag-avortement","tag-controle-des-naissances","tag-droits-des-femmes","tag-famille","tag-gouvernement","tag-initiative","tag-international","tag-monde","tag-opposition","tag-parlement","tag-politique","tag-prince-heritier","tag-societe","tag-veto","tag-vote","tag-world","tag-world-news"],"share_on_mastodon":{"url":"https:\/\/pubeurope.com\/@ch_fr\/117208319609934454","error":""},"_links":{"self":[{"href":"https:\/\/www.europesays.com\/ch-fr\/wp-json\/wp\/v2\/posts\/289973","targetHints":{"allow":["GET"]}}],"collection":[{"href":"https:\/\/www.europesays.com\/ch-fr\/wp-json\/wp\/v2\/posts"}],"about":[{"href":"https:\/\/www.europesays.com\/ch-fr\/wp-json\/wp\/v2\/types\/post"}],"author":[{"embeddable":true,"href":"https:\/\/www.europesays.com\/ch-fr\/wp-json\/wp\/v2\/users\/2"}],"replies":[{"embeddable":true,"href":"https:\/\/www.europesays.com\/ch-fr\/wp-json\/wp\/v2\/comments?post=289973"}],"version-history":[{"count":0,"href":"https:\/\/www.europesays.com\/ch-fr\/wp-json\/wp\/v2\/posts\/289973\/revisions"}],"wp:featuredmedia":[{"embeddable":true,"href":"https:\/\/www.europesays.com\/ch-fr\/wp-json\/wp\/v2\/media\/289974"}],"wp:attachment":[{"href":"https:\/\/www.europesays.com\/ch-fr\/wp-json\/wp\/v2\/media?parent=289973"}],"wp:term":[{"taxonomy":"category","embeddable":true,"href":"https:\/\/www.europesays.com\/ch-fr\/wp-json\/wp\/v2\/categories?post=289973"},{"taxonomy":"post_tag","embeddable":true,"href":"https:\/\/www.europesays.com\/ch-fr\/wp-json\/wp\/v2\/tags?post=289973"}],"curies":[{"name":"wp","href":"https:\/\/api.w.org\/{rel}","templated":true}]}}