{"id":289983,"date":"2026-09-03T17:43:13","date_gmt":"2026-09-03T17:43:13","guid":{"rendered":"https:\/\/www.europesays.com\/ch-fr\/289983\/"},"modified":"2026-09-03T17:43:13","modified_gmt":"2026-09-03T17:43:13","slug":"ce-membre-du-corps-professoral-de-la-star-academy-ne-sera-pas-de-la-prochaine-saison-mais-je-suivrai-la-nouvelle-promotion-avec-attention","status":"publish","type":"post","link":"https:\/\/www.europesays.com\/ch-fr\/289983\/","title":{"rendered":"Ce membre du corps professoral de la Star Academy ne sera pas de la prochaine saison\u00a0: \u00ab\u00a0Mais je suivrai la nouvelle promotion avec attention\u00a0\u00bb"},"content":{"rendered":"<p><a href=\"https:\/\/www.dhnet.be\/medias\/television\/2026\/08\/27\/star-academy-2026-celine-dion-lara-fabian-vianney-voici-qui-accompagnerait-les-eleves-de-la-nouvelle-saison-KOBUWXDPKRHMBBHGLD3WBSMLJ4\/\" target=\"_self\" class=\"ap-StoryInterstitialLink ap-StoryElement ap-StoryElement--mb\" rel=\"nofollow noopener\">Star Academy 2026 : C\u00e9line Dion, Lara Fabian, Vianney&#8230; Voici qui accompagnerait les \u00e9l\u00e8ves de la nouvelle saison !<\/a><\/p>\n<p class=\"ap-StoryElement ap-StoryElement--mb ap-StoryText\">Lucie Bernardoni en profite pour remercier \u00ab\u00a0toutes les personnes qui ont rendu ces quatre saisons possibles et magnifiques\u00a0\u00bb et souhaiter une \u00ab\u00a0belle saison \u00e0 la nouvelle r\u00e9p\u00e9titrice qui retrouvera Fanny\u00a0\u00bb.<\/p>\n<p class=\"ap-StoryElement ap-StoryElement--mb ap-StoryText\">\u00ab\u00a0Merci \u00e0 vous qui me suivez depuis 22 ans\u00a0\u00bb, conclut-elle.<\/p>\n<p>R\u00e9v\u00e9l\u00e9e dans la saison 4 de la \u00ab\u00a0Star Academy\u00a0\u00bb<\/p>\n<p class=\"ap-StoryElement ap-StoryElement--mb ap-StoryText\">R\u00e9v\u00e9l\u00e9e lors de la quatri\u00e8me saison de la Star Academy, o\u00f9 elle avait atteint la finale face \u00e0 Gr\u00e9gory Lemarchal, Lucie Bernardoni avait retrouv\u00e9 le programme \u00e0 l&rsquo;occasion de son retour sur TF1 en 2022.<\/p>\n<p class=\"ap-StoryElement ap-StoryElement--mb ap-StoryText\">D&rsquo;abord associ\u00e9e \u00e0 Marl\u00e8ne Schaff, qui quitte elle aussi l&rsquo;\u00e9mission cette ann\u00e9e, elle avait ensuite poursuivi sa mission de r\u00e9p\u00e9titrice avec Fanny Delaigue durant les deux derni\u00e8res saisons. Fanny Delaigue a \u00e9t\u00e9 reconduite pour la nouvelle saison. Par contre, on ne sait pas encore, qui succ\u00e9dera \u00e0 <a href=\"https:\/\/www.dhnet.be\/medias\/television\/2026\/06\/26\/lucie-bernardoni-en-couple-avec-un-danseur-emblematique-de-danse-avec-les-stars-la-rumeur-qui-enflamme-la-toile-MFW4OSYFGRAUNMSWGZN5NIZPEM\/\" target=\"_self\" rel=\"nofollow noopener\">Lucie Bernardoni<\/a>.<\/p>\n<p><img loading=\"lazy\" decoding=\"async\" class=\"w-full lazyload lazyload--opacity object-contain\" style=\"aspect-ratio:150 \/ 100;opacity:1\" alt=\"Photocall au si\u00c3\u00a8ge de TF1 de la nouvelle saison de Danse Avec Les Stars. En pr\u00c3\u00a9sence des candidats, du jury et du pr\u00c3\u00a9sentateur -CamilleCombal\" width=\"768\" height=\"512\" fetchpriority=\"auto\" src=\"https:\/\/www.europesays.com\/ch-fr\/wp-content\/uploads\/2026\/09\/1788457392_930_S5VKD3X55FFF3BW6V4SEHXNP7I.png\"  data- data-optimumx=\"1\"\/><img loading=\"lazy\" decoding=\"async\" src=\"https:\/\/www.europesays.com\/ch-fr\/wp-content\/uploads\/2026\/09\/NILFD6FTIRGVPDKN5IQVQKJYWA.jpg\" width=\"768\" height=\"512\" alt=\"Photocall au si\u00c3\u00a8ge de TF1 de la nouvelle saison de Danse Avec Les Stars. En pr\u00c3\u00a9sence des candidats, du jury et du pr\u00c3\u00a9sentateur -CamilleCombal\" class=\"absolute inset-0 w-full\"\/>Lucie Bernardoni, ex-finaliste de la \u00ab\u00a0Star Academy\u00a0\u00bb et r\u00e9p\u00e9titrice de l&rsquo;\u00e9mission pendant quatre saisons. \u00a9Fr\u00e9d\u00e9ric Dugit<a href=\"https:\/\/www.dhnet.be\/medias\/television\/2026\/08\/27\/rentree-tele-2026-voici-ce-qui-vous-attend-sur-les-chaines-de-rtl-belgium-ACODWIYF3FHJ3J2AUGEKQZK4XY\/\" target=\"_self\" class=\"ap-StoryInterstitialLink ap-StoryElement ap-StoryElement--mb\" rel=\"nofollow noopener\">Rentr\u00e9e t\u00e9l\u00e9 2026: voici ce qui vous attend sur les cha\u00eenes de RTL Belgium<\/a><\/p>\n<p class=\"ap-StoryElement ap-StoryElement--mb ap-StoryText\">Cette ann\u00e9e, la jeune femme a fait parler d&rsquo;elle suite \u00e0 son placement en garde \u00e0 vue pendant une trentaine d&rsquo;heures d\u00e9but avril, dans une affaire de \u00ab\u00a0violences volontaires par ascendant\u00a0\u00bb. Pour cette raison, elle n&rsquo;avait pas pu participer au prime de Danse avec les stars sur TF1 ce soir-l\u00e0.<\/p>\n<p class=\"ap-StoryElement ap-StoryElement--mb ap-StoryText\">Son ex-conjoint l&rsquo;accuse de violences envers leur fille, laquelle avait d\u00e9pos\u00e9 plainte contre sa m\u00e8re en f\u00e9vrier. Lucie Bernardoni avait contest\u00e9 les accusations dans Le Parisien, d\u00e9non\u00e7ant des \u00ab\u00a0mensonges naus\u00e9abonds\u00a0\u00bb \u00e0 son encontre.<\/p>\n<p><a href=\"https:\/\/www.dhnet.be\/medias\/television\/2026\/04\/10\/je-ne-veux-plus-me-taire-lucie-bernardoni-brise-le-silence-apres-les-accusations-de-violences-sur-sa-fille-et-ses-30-heures-de-garde-a-vue-ZKBOKPUC7JCMDAC3TGB55CGIEM\/\" target=\"_self\" class=\"ap-StoryInterstitialLink ap-StoryElement ap-StoryElement--mb\" rel=\"nofollow noopener\">\u00ab\u00a0Je ne veux plus me taire\u00a0\u00bb: Lucie Bernardoni brise le silence apr\u00e8s les accusations de violences sur sa fille et ses 30 heures de garde \u00e0 vue<\/a><\/p>\n<p class=\"ap-StoryElement ap-StoryElement--mb ap-StoryText\">Lucie Bernardoni doit compara\u00eetre devant le tribunal le 29 septembre prochain, selon les informations communiqu\u00e9es par le parquet de Nanterre.<\/p>\n","protected":false},"excerpt":{"rendered":"Star Academy 2026 : C\u00e9line Dion, Lara Fabian, Vianney&#8230; Voici qui accompagnerait les \u00e9l\u00e8ves de la nouvelle saison&hellip;\n","protected":false},"author":2,"featured_media":289984,"comment_status":"","ping_status":"","sticky":false,"template":"","format":"standard","meta":{"footnotes":"","_share_on_mastodon":"0"},"categories":[15],"tags":[866,22831,45,158,157,7085,113,5061,112,5063,5064,22832,2621,5065,2624,22833,5067,5069,159,3694,5070,22834,5071,23,22835,142,9099],"class_list":["post-289983","post","type-post","status-publish","format-standard","has-post-thumbnail","category-people","tag-adult","tag-brown-hair","tag-business","tag-celebrities","tag-celebrity","tag-cheerful","tag-divertissement","tag-emotion","tag-entertainment","tag-focus-on-foreground","tag-front-view","tag-hairstyle","tag-happiness","tag-headshot","tag-indoors","tag-long-hair","tag-looking-at-camera","tag-one-person","tag-people","tag-person","tag-portrait","tag-smile","tag-smiling","tag-suisse","tag-teeth","tag-television","tag-women"],"share_on_mastodon":{"url":"https:\/\/pubeurope.com\/@ch_fr\/117208351677857846","error":""},"_links":{"self":[{"href":"https:\/\/www.europesays.com\/ch-fr\/wp-json\/wp\/v2\/posts\/289983","targetHints":{"allow":["GET"]}}],"collection":[{"href":"https:\/\/www.europesays.com\/ch-fr\/wp-json\/wp\/v2\/posts"}],"about":[{"href":"https:\/\/www.europesays.com\/ch-fr\/wp-json\/wp\/v2\/types\/post"}],"author":[{"embeddable":true,"href":"https:\/\/www.europesays.com\/ch-fr\/wp-json\/wp\/v2\/users\/2"}],"replies":[{"embeddable":true,"href":"https:\/\/www.europesays.com\/ch-fr\/wp-json\/wp\/v2\/comments?post=289983"}],"version-history":[{"count":0,"href":"https:\/\/www.europesays.com\/ch-fr\/wp-json\/wp\/v2\/posts\/289983\/revisions"}],"wp:featuredmedia":[{"embeddable":true,"href":"https:\/\/www.europesays.com\/ch-fr\/wp-json\/wp\/v2\/media\/289984"}],"wp:attachment":[{"href":"https:\/\/www.europesays.com\/ch-fr\/wp-json\/wp\/v2\/media?parent=289983"}],"wp:term":[{"taxonomy":"category","embeddable":true,"href":"https:\/\/www.europesays.com\/ch-fr\/wp-json\/wp\/v2\/categories?post=289983"},{"taxonomy":"post_tag","embeddable":true,"href":"https:\/\/www.europesays.com\/ch-fr\/wp-json\/wp\/v2\/tags?post=289983"}],"curies":[{"name":"wp","href":"https:\/\/api.w.org\/{rel}","templated":true}]}}