{"id":289989,"date":"2026-09-03T17:46:19","date_gmt":"2026-09-03T17:46:19","guid":{"rendered":"https:\/\/www.europesays.com\/ch-fr\/289989\/"},"modified":"2026-09-03T17:46:19","modified_gmt":"2026-09-03T17:46:19","slug":"la-culture-du-renoncement-nest-pas-la-notre-la-direction-de-radio-france-ecarte-tout-retrait-de-charles-sapin","status":"publish","type":"post","link":"https:\/\/www.europesays.com\/ch-fr\/289989\/","title":{"rendered":"\u00abLa culture du renoncement n\u2019est pas la n\u00f4tre\u00bb : la direction de Radio France \u00e9carte tout retrait de Charles Sapin"},"content":{"rendered":"<p>\n    Le directeur \u00e9ditorial du groupe public d\u00e9fend le choix de confier une chronique au directeur adjoint de Valeurs Actuelles au nom du pluralisme et de l\u2019ind\u00e9pendance de l\u2019audiovisuel public.<\/p>\n<p class=\"fig-paragraph\">\u00abNous ne pouvons pas c\u00e9der, m\u00eame \u00e0 vous\u00bb. Dans un courriel interne envoy\u00e9 ce jeudi, la direction de Radio France justifie son refus de retirer de l\u2019antenne le directeur adjoint de Valeurs Actuelles<a href=\"http:\/\/www.lefigaro.fr\/vox\/monde\/charles-sapin-l-alliance-des-droites-au-parlement-europeen-est-la-revolution-politique-de-ces-dix-dernieres-annees-20260513\" data-fig-type=\"Article\" data-gtm-custom-categorie=\"navigation\" data-gtm-custom-action=\"crossclick\" data-gtm-custom-label=\"Contextuel\" data-gtm-event=\"customEventSPE\" data-fig-domain=\"LEFIGARO\" rel=\"nofollow noopener\" target=\"_blank\">\u00a0Charles Sapin<\/a>, \u00e0 qui la direction de France Inter a confi\u00e9 une chronique hebdomadaire le dimanche matin. \u00abLe num\u00e9ro deux de la r\u00e9daction d\u2019un journal condamn\u00e9 par le pass\u00e9 pour injures racistes, sur l\u2019antenne du service public, \u00e0 l\u2019entr\u00e9e d\u2019une ann\u00e9e \u00e9lectorale\u00a0: ce symbole, nous ne le minimisons pas, \u00e9crit Vincent Meslet, directeur \u00e9ditorial du groupe public, aux salari\u00e9s. Mais \u00e0 ce stade, le proc\u00e8s fait \u00e0 Charles Sapin repose sur des intentions suppos\u00e9es (&#8230;) Ses nombreuses interventions dans des d\u00e9bats comme invit\u00e9s sur nos antennes ces derni\u00e8res ann\u00e9es n\u2019ont jamais pos\u00e9 de probl\u00e8mes. Il a fait l\u2019essentiel de sa carri\u00e8re au Parisien, au Figaro et au Point, sans qu\u2019aucun \u00e9crit moralement critiquable n\u2019ait \u00e9t\u00e9 port\u00e9 \u00e0 notre connaissance. Et il a lui-m\u00eame pris ses distances avec les anciennes couvertures ignominieuses publi\u00e9es par Valeurs actuelles\u00bb.\u00a0<\/p>\n<p class=\"fig-paragraph\">L\u2019arriv\u00e9e de Charles Sapin sur les ondes de la station publique a cr\u00e9\u00e9 un vif \u00e9moi au sein de la Maison-Ronde. Le 28 ao\u00fbt, deux jours avant la premi\u00e8re chronique du journaliste qui intervient au sein d\u2019un panel d\u2019\u00e9ditorialistes politiques et \u00e9conomiques pens\u00e9 dans un souci de pluralisme, la soci\u00e9t\u00e9 des journalistes (SDJ) de France Inter a exprim\u00e9 sa \u00abferme opposition\u00bb au choix d\u2019ouvrir l\u2019antenne \u00e0 un \u00abrepr\u00e9sentant d\u2019un m\u00e9dia condamn\u00e9 notamment pour injures racistes\u00bb et \u00abqui n\u2019a cess\u00e9 de prendre violemment l\u2019audiovisuel public pour cible\u00bb. Mercredi, plus de 400\u00a0salari\u00e9s du groupe ont vot\u00e9 \u00e0 l\u2019unanimit\u00e9 une motion exigeant le retrait de\u00a0<a href=\"http:\/\/www.lefigaro.fr\/vox\/monde\/charles-sapin-l-alliance-des-droites-au-parlement-europeen-est-la-revolution-politique-de-ces-dix-dernieres-annees-20260513\" target=\"_blank\" data-fig-type=\"Article\" rel=\"noopener nofollow\" data-gtm-custom-categorie=\"navigation\" data-gtm-custom-action=\"crossclick\" data-gtm-custom-label=\"Contextuel\" data-gtm-event=\"customEventSPE\" data-fig-domain=\"LEFIGARO\">Charles Sapin.\u00a0<\/a>En l\u2019absence d\u2019un retrait de l\u2019\u00e9ditorialiste, les auteurs du texte ont menac\u00e9 de mandater l\u2019intersyndicale du groupe pour\u00a0\u00abd\u00e9poser un pr\u00e9avis de gr\u00e8ve dans les meilleurs d\u00e9lais\u00bb.<\/p>\n<p>                                            <a class=\"fig-a11y-skip\" href=\"#fig-a11y-skip-main-inarticle\" is=\"fig-a11y-skip\" data-trigger-mode=\"visible-once\"><br \/>\n    Passer la publicit\u00e9<br \/>\n<\/a>            <\/p>\n<p>                                            \u00abRester une maison ouverte\u00bb dans un contexte \u00e9lectoral<\/p>\n<p class=\"fig-paragraph\">Dans son message, le directeur \u00e9ditorial du groupe prend soin de ne pas \u00e9voquer la menace d\u2019un mouvement social. \u00abNous savons d\u2019o\u00f9 vient cette col\u00e8re. Depuis deux ans, vous travaillez sous soup\u00e7on permanent (&#8230;) Vous \u00eates convoqu\u00e9s, cit\u00e9s, caricatur\u00e9s. Ce que vous avez exprim\u00e9 hier n\u2019est pas de la susceptibilit\u00e9\u00a0: c\u2019est de l\u2019usure\u00bb, \u00e9crit-il \u00e0 l\u2019adresse des salari\u00e9s de Radio France. Plus loin, le responsable les invite toutefois \u00e0 consid\u00e9rer \u00abl\u2019autre symbole, celui que nous enverrions en reculant\u00bb. \u00abCelui d\u2019un service public qui d\u00e9cide qui a le droit de parler, et qui retire une voix avant m\u00eame qu\u2019elle ait parl\u00e9, au nom d\u2019une intention qu\u2019on lui pr\u00eate. Ce n\u2019est plus juger des faits. C\u2019est condamner par avance. Ce symbole-l\u00e0 ferait plus de mal \u00e0 notre ind\u00e9pendance que cinquante chroniques du dimanche. Voici pourquoi nous ne pouvons pas c\u00e9der, m\u00eame \u00e0 vous\u00bb.<\/p>\n<p class=\"fig-paragraph\">Vincent Meslet poursuit en soulignant que l\u2019audiovisuel public a fait l\u2019objet de nombreuses critiques ces derni\u00e8res ann\u00e9es. \u00abDepuis deux ans, on nous r\u00e9clame des t\u00eates.(&#8230;) Ces t\u00eates-l\u00e0, c\u2019\u00e9taient les v\u00f4tres. Nous n\u2019en avons livr\u00e9 aucune. Si nous livrons celle-ci parce que la demande vient de l\u2019int\u00e9rieur, nous n\u2019aurons plus rien \u00e0 opposer la prochaine fois qu\u2019elle viendra de l\u2019ext\u00e9rieur. Et elle viendra. La r\u00e8gle qui prot\u00e8ge Charles Sapin aujourd\u2019hui est exactement celle qui vous a prot\u00e9g\u00e9s hier et qui vous prot\u00e9gera demain. Une ind\u00e9pendance qui ne s\u2019exerce que vers l\u2019ext\u00e9rieur n\u2019est pas une ind\u00e9pendance\u00a0: c\u2019est un confort\u00bb. Le directeur \u00e9ditorial de Radio France estime que dans la p\u00e9riode \u00e9lectorale qui s\u2019ouvre, la radio publique \u00abdoit rester une maison ouverte\u00bb et \u00abirr\u00e9prochable\u00bb. \u00abLa culture du renoncement n\u2019est pas la n\u00f4tre. Nous tiendrons nos principes (&#8230;). Nous ne laisserons personne faire du service public un champ de bataille\u00bb, conclut-il. Reste \u00e0 savoir si ces arguments permettront \u00e0 la direction de mettre fin \u00e0 l\u2019intense bras-de-fer qui s\u2019est engag\u00e9 avec les syndicats et la r\u00e9daction de France Inter.<\/p>\n","protected":false},"excerpt":{"rendered":"Le directeur \u00e9ditorial du groupe public d\u00e9fend le choix de confier une chronique au directeur adjoint de Valeurs&hellip;\n","protected":false},"author":2,"featured_media":289990,"comment_status":"","ping_status":"","sticky":false,"template":"","format":"standard","meta":{"footnotes":"","_share_on_mastodon":"0"},"categories":[12],"tags":[63179,113,112,4534,140,141,22159,23],"class_list":["post-289989","post","type-post","status-publish","format-standard","has-post-thumbnail","category-musique","tag-charles-sapin","tag-divertissement","tag-entertainment","tag-france-inter","tag-music","tag-musique","tag-radio-france","tag-suisse"],"share_on_mastodon":{"url":"https:\/\/pubeurope.com\/@ch_fr\/117208363006832887","error":""},"_links":{"self":[{"href":"https:\/\/www.europesays.com\/ch-fr\/wp-json\/wp\/v2\/posts\/289989","targetHints":{"allow":["GET"]}}],"collection":[{"href":"https:\/\/www.europesays.com\/ch-fr\/wp-json\/wp\/v2\/posts"}],"about":[{"href":"https:\/\/www.europesays.com\/ch-fr\/wp-json\/wp\/v2\/types\/post"}],"author":[{"embeddable":true,"href":"https:\/\/www.europesays.com\/ch-fr\/wp-json\/wp\/v2\/users\/2"}],"replies":[{"embeddable":true,"href":"https:\/\/www.europesays.com\/ch-fr\/wp-json\/wp\/v2\/comments?post=289989"}],"version-history":[{"count":0,"href":"https:\/\/www.europesays.com\/ch-fr\/wp-json\/wp\/v2\/posts\/289989\/revisions"}],"wp:featuredmedia":[{"embeddable":true,"href":"https:\/\/www.europesays.com\/ch-fr\/wp-json\/wp\/v2\/media\/289990"}],"wp:attachment":[{"href":"https:\/\/www.europesays.com\/ch-fr\/wp-json\/wp\/v2\/media?parent=289989"}],"wp:term":[{"taxonomy":"category","embeddable":true,"href":"https:\/\/www.europesays.com\/ch-fr\/wp-json\/wp\/v2\/categories?post=289989"},{"taxonomy":"post_tag","embeddable":true,"href":"https:\/\/www.europesays.com\/ch-fr\/wp-json\/wp\/v2\/tags?post=289989"}],"curies":[{"name":"wp","href":"https:\/\/api.w.org\/{rel}","templated":true}]}}