{"id":289995,"date":"2026-09-03T17:49:11","date_gmt":"2026-09-03T17:49:11","guid":{"rendered":"https:\/\/www.europesays.com\/ch-fr\/289995\/"},"modified":"2026-09-03T17:49:11","modified_gmt":"2026-09-03T17:49:11","slug":"le-thillot-necrologie-deces-de-simone-monnasson","status":"publish","type":"post","link":"https:\/\/www.europesays.com\/ch-fr\/289995\/","title":{"rendered":"Le Thillot | N\u00e9crologie. D\u00e9c\u00e8s de Simone Monnasson"},"content":{"rendered":"<p>Nous apprenons le d\u00e9c\u00e8s de Simone Monnasson survenu \u00e0 l\u2019\u00e2ge de 91 ans.<\/p>\n<p>Simone Monnasson est n\u00e9e Aubry le 2\u00a0juillet 1935 \u00e0 Conflans-sur-Lanterne, en Haute-Sa\u00f4ne. Sa carri\u00e8re professionnelle a d\u00e9but\u00e9 comme secr\u00e9taire \u00e0 la pr\u00e9fecture de Vesoul et s\u2019est termin\u00e9e au moment de son mariage. En 1958, Simone \u00e9pouse Raymond Monnasson, d\u00e9c\u00e9d\u00e9 en 1998. Ensemble, ils ont deux filles, Christine et Sylvie, que Simone adorait. Puis la famille s\u2019est agrandie avec deux petits-fils, Cyril et Vincent, qu\u2019elle ch\u00e9rissait. Simone adorait les roses que son mari lui offrait tous les dimanches. Grande lectrice, elle a d\u00fb arr\u00eater cette passion il y a deux ans \u00e0 cause de la maladie de Parkinson. Pour ses 80 ans, ses filles lui ont offert un voyage qui fut suivi d\u2019autres jusqu\u2019au Covid. Ce fut \u00e0 chaque fois des moments merveilleux que les trois dames ont partag\u00e9s ensemble. En janvier\u00a02024, Simone est rentr\u00e9e \u00e0 l\u2019Ehpad du Thillot o\u00f9 elle est d\u00e9c\u00e9d\u00e9e le 2\u00a0septembre. Nos condol\u00e9ances.<\/p>\n","protected":false},"excerpt":{"rendered":"Nous apprenons le d\u00e9c\u00e8s de Simone Monnasson survenu \u00e0 l\u2019\u00e2ge de 91 ans. Simone Monnasson est n\u00e9e Aubry&hellip;\n","protected":false},"author":2,"featured_media":289996,"comment_status":"","ping_status":"","sticky":false,"template":"","format":"standard","meta":{"footnotes":"","_share_on_mastodon":"0"},"categories":[9],"tags":[2782,50443,5683,83,63180,1770,84,238,23],"class_list":["post-289995","post","type-post","status-publish","format-standard","has-post-thumbnail","category-sante","tag-carnet-du-jour","tag-cc-des-ballons-des-hautes-vosges-88b","tag-edition-remiremont-gerardmer","tag-health","tag-le-thillot","tag-necrologie","tag-sante","tag-societe","tag-suisse"],"share_on_mastodon":{"url":"https:\/\/pubeurope.com\/@ch_fr\/117208374791729387","error":""},"_links":{"self":[{"href":"https:\/\/www.europesays.com\/ch-fr\/wp-json\/wp\/v2\/posts\/289995","targetHints":{"allow":["GET"]}}],"collection":[{"href":"https:\/\/www.europesays.com\/ch-fr\/wp-json\/wp\/v2\/posts"}],"about":[{"href":"https:\/\/www.europesays.com\/ch-fr\/wp-json\/wp\/v2\/types\/post"}],"author":[{"embeddable":true,"href":"https:\/\/www.europesays.com\/ch-fr\/wp-json\/wp\/v2\/users\/2"}],"replies":[{"embeddable":true,"href":"https:\/\/www.europesays.com\/ch-fr\/wp-json\/wp\/v2\/comments?post=289995"}],"version-history":[{"count":0,"href":"https:\/\/www.europesays.com\/ch-fr\/wp-json\/wp\/v2\/posts\/289995\/revisions"}],"wp:featuredmedia":[{"embeddable":true,"href":"https:\/\/www.europesays.com\/ch-fr\/wp-json\/wp\/v2\/media\/289996"}],"wp:attachment":[{"href":"https:\/\/www.europesays.com\/ch-fr\/wp-json\/wp\/v2\/media?parent=289995"}],"wp:term":[{"taxonomy":"category","embeddable":true,"href":"https:\/\/www.europesays.com\/ch-fr\/wp-json\/wp\/v2\/categories?post=289995"},{"taxonomy":"post_tag","embeddable":true,"href":"https:\/\/www.europesays.com\/ch-fr\/wp-json\/wp\/v2\/tags?post=289995"}],"curies":[{"name":"wp","href":"https:\/\/api.w.org\/{rel}","templated":true}]}}