{"id":289997,"date":"2026-09-03T17:50:08","date_gmt":"2026-09-03T17:50:08","guid":{"rendered":"https:\/\/www.europesays.com\/ch-fr\/289997\/"},"modified":"2026-09-03T17:50:08","modified_gmt":"2026-09-03T17:50:08","slug":"champions-league-fribourg-gotteron-debute-sa-saison-rts-ch","status":"publish","type":"post","link":"https:\/\/www.europesays.com\/ch-fr\/289997\/","title":{"rendered":"Champions League: Fribourg-Gott\u00e9ron d\u00e9bute sa saison &#8211; rts.ch"},"content":{"rendered":"<p><a href=\"https:\/\/news.google.com\/rss\/articles\/CBMirgFBVV95cUxPWlF1OWlWcW5qSllwR0xZMTd0UC1sNTlzZUFWeHg3WUxzNTdpblhMbXdxTDZxRHExWXVSMWxpUTFaMGpJMzlWaEFFSUVPdHZsNjNZVGdoSm52YzZSWkpOWHN1SWxOdkJxQ05FTHFVT05nVVhOaENnaFBfUFNCWTVtYkd1a2NxZENkU29WM1RLeS1XOHVHM0w3Nzd0MFNqdjNFeGwxRDI1V25meWkwSEE?oc=5\" target=\"_blank\" rel=\"nofollow noopener\">Champions League: Fribourg-Gott\u00e9ron d\u00e9bute sa saison<\/a>&nbsp;&nbsp;rts.ch<a href=\"https:\/\/news.google.com\/rss\/articles\/CBMiuwFBVV95cUxPZ3cxUTg0eDNDY3pMXzFkUXRMSFpSSjF1UXNVeVEycnlTcGE4Z3BGUllqdFBHdTFwejktMXMwcHBEQ25LVDRHU2swOXdHV1k3RERwVHhZbThvcmhXdWJsbkZVTVNZdjEzMWY0NFFfZDYtSnFnbEh2RTV1Qncxa2RtUTVqckpEOC1fYjRtVXVnRE1hbmpNSXM1eHBTVzFvQ05zYjF5SkQtbkR3YzZPTHRHYVJTRmFWRnNkTklv?oc=5\" target=\"_blank\" rel=\"nofollow noopener\">Gott\u00e9ron se met \u00e0 l\u2019heure autrichienne. Un joli d\u00e9fi pour les Dragons sur la sc\u00e8ne europ\u00e9enne<\/a>&nbsp;&nbsp;La Libert\u00e9<a href=\"https:\/\/news.google.com\/rss\/articles\/CBMiywFBVV95cUxQeFlKNUw5VXAxZVZuS3l0R3ZCYkVHVndHTXFMcHhOdS02QUpXaFhUSlhxckVaSThiclQxOUdzNkp1NWxmOUZYRjBSMXhVcFZVbG1CS0dObXQ2aTlBakJpT190UmpyRi11Y1VsdTlwcVN6UVVvMGg0UjNWNDBlS3hEVmtST09OaVZYa1lpbGRaaGxfZHdPODVDMmI0VzVDZWxxUGowd0dDQnRvdTFEcHFSTFpEa09ZRmhHWDR2QmpINnh1MmJEaWlTYWNmRQ?oc=5\" target=\"_blank\" rel=\"nofollow noopener\">CHAMPIONS HOCKEY LEAGUE &#8211; D\u00e8s demain, Gott\u00e9ron en position de force, Davos et Gen\u00e8ve face \u00e0&#8230; quatre champions!<\/a>&nbsp;&nbsp;Plan\u00e8te Hockey<a href=\"https:\/\/news.google.com\/rss\/articles\/CBMikAFBVV95cUxOcVFXV1F6WE9MUnNTX2kwb0pQRms5NnFfUHRKWnpXREdVdlZjLVg3SDIzX3lnM1h5NFdJc0l5cEtsenFjRWZKMlRGWndlSVE5RFNyOE81eXFJbkJyQm84eXhaMU9pTWJLZ3A5QXlGTDE1NDY1VXdjMnlYczZHM1lwcl9uWEhxbWo0d2s3dVRISjU?oc=5\" target=\"_blank\" rel=\"nofollow noopener\">Fribourg-Gott\u00e9ron d\u00e9bute sa saison en Champions Hockey League<\/a>&nbsp;&nbsp;La T\u00e9l\u00e9<a href=\"https:\/\/news.google.com\/rss\/articles\/CBMikgFBVV95cUxPWnUzang2cHBVMm9Lb0lBWEMweE9rS055bkdUOFlNOUFXaXNYaGp1T1V0YjZnUkl3cjEzeWRWbGEtSWtCUnQ3cTR4ODdta3oyQ1hsaDZrd09uN3lqZWo2RUVsT3ZKMUwxakJGb2VQQXR1VmFWcThoUmZ2dzJkeGlFdVkxSTlZYTdrSWhpVU5rdWRFZw?oc=5\" target=\"_blank\" rel=\"nofollow noopener\">Sandro Schmid devrait pouvoir d\u00e9buter le championnat<\/a>&nbsp;&nbsp;SwissHabs<\/p>\n","protected":false},"excerpt":{"rendered":"Champions League: Fribourg-Gott\u00e9ron d\u00e9bute sa saison&nbsp;&nbsp;rts.chGott\u00e9ron se met \u00e0 l\u2019heure autrichienne. Un joli d\u00e9fi pour les Dragons sur&hellip;\n","protected":false},"author":2,"featured_media":289998,"comment_status":"","ping_status":"","sticky":false,"template":"","format":"standard","meta":{"footnotes":"","_share_on_mastodon":"0"},"categories":[8],"tags":[1181,2379,996,869,1009,997,182,1231,1372,696,849,3808,851,466,186,75,916,23],"class_list":["post-289997","post","type-post","status-publish","format-standard","has-post-thumbnail","category-sports","tag-autriche","tag-canton-de-fribourg","tag-club","tag-competition","tag-competition-sportive","tag-entraineur-sportif","tag-football","tag-forum","tag-hockey-club-fribourg-gotteron","tag-info","tag-la-1ere","tag-ligue-des-champions-de-luefa","tag-media-radio","tag-rts-sport","tag-sport","tag-sports","tag-succes","tag-suisse"],"share_on_mastodon":{"url":"https:\/\/pubeurope.com\/@ch_fr\/117208378418562077","error":""},"_links":{"self":[{"href":"https:\/\/www.europesays.com\/ch-fr\/wp-json\/wp\/v2\/posts\/289997","targetHints":{"allow":["GET"]}}],"collection":[{"href":"https:\/\/www.europesays.com\/ch-fr\/wp-json\/wp\/v2\/posts"}],"about":[{"href":"https:\/\/www.europesays.com\/ch-fr\/wp-json\/wp\/v2\/types\/post"}],"author":[{"embeddable":true,"href":"https:\/\/www.europesays.com\/ch-fr\/wp-json\/wp\/v2\/users\/2"}],"replies":[{"embeddable":true,"href":"https:\/\/www.europesays.com\/ch-fr\/wp-json\/wp\/v2\/comments?post=289997"}],"version-history":[{"count":0,"href":"https:\/\/www.europesays.com\/ch-fr\/wp-json\/wp\/v2\/posts\/289997\/revisions"}],"wp:featuredmedia":[{"embeddable":true,"href":"https:\/\/www.europesays.com\/ch-fr\/wp-json\/wp\/v2\/media\/289998"}],"wp:attachment":[{"href":"https:\/\/www.europesays.com\/ch-fr\/wp-json\/wp\/v2\/media?parent=289997"}],"wp:term":[{"taxonomy":"category","embeddable":true,"href":"https:\/\/www.europesays.com\/ch-fr\/wp-json\/wp\/v2\/categories?post=289997"},{"taxonomy":"post_tag","embeddable":true,"href":"https:\/\/www.europesays.com\/ch-fr\/wp-json\/wp\/v2\/tags?post=289997"}],"curies":[{"name":"wp","href":"https:\/\/api.w.org\/{rel}","templated":true}]}}