{"id":290007,"date":"2026-09-03T17:55:32","date_gmt":"2026-09-03T17:55:32","guid":{"rendered":"https:\/\/www.europesays.com\/ch-fr\/290007\/"},"modified":"2026-09-03T17:55:32","modified_gmt":"2026-09-03T17:55:32","slug":"defend-the-wolf-va-continuer-ses-rondes-nocturnes-dans-le-canton-de-neuchatel","status":"publish","type":"post","link":"https:\/\/www.europesays.com\/ch-fr\/290007\/","title":{"rendered":"Defend the wolf va continuer ses rondes nocturnes dans le canton de Neuch\u00e2tel"},"content":{"rendered":"<p>Defend the wolf. Litt\u00e9ralement, d\u00e9fendre le loup. Pour certains, les membres de l\u2019association qui se soucie de l\u2019animal responsable de morts bovines dans les pr\u00e9s neuch\u00e2telois depuis plusieurs \u00e9t\u00e9s parlent une langue \u00e9trang\u00e8re. Mais eux continuent leurs rondes de nuit sur le terrain pour dissuader le pr\u00e9dateur de s\u2019en prendre une fois de plus aux troupeaux. Dans l\u2019espoir, aussi, que le loup \u00e9chappe \u00e0 la mort au bout du fusil. Ils documentent ce qu\u2019ils voient et sensibilisent la population. Nous leur avons donn\u00e9 la parole, entre deux autorisations de tir du m\u00e2le alpha de la meute de la vall\u00e9e de La Br\u00e9vine. <\/p>\n<p>Accus\u00e9s d\u2019entraver le travail des gardes-faunes, ces b\u00e9n\u00e9voles se d\u00e9fendent. \u00ab Si on d\u00e9range les gardes-faunes, j\u2019esp\u00e8re qu\u2019ils viendront se signaler. On ne peut pas toujours savoir o\u00f9 ils sont\u2026 Notre but n\u2019est pas d\u2019entraver un tir. On ne peut pas s\u2019y opposer \u00bb, admet Lo\u00efc Chevalier, coresponsable de l\u2019antenne neuch\u00e2teloise de Defend the wolf. <\/p>\n<p>\u00ab Un soir, on a aper\u00e7u un Monsieur avec une lampe de poche pr\u00e8s d\u2019une maison. Mais il ne s\u2019est pas signal\u00e9, il n\u2019a rien dit, donc on ne sait pas si on l\u2019a d\u00e9rang\u00e9 ou pas, si c\u2019\u00e9tait un garde ou pas\u2026 Tout ce que je sais, c\u2019est que le Monsieur est parti \u00bb, illustre Lo\u00efc Chevalier. Le but, c\u2019est bien s\u00fbr d\u2019emp\u00eacher qu\u2019un tir soit n\u00e9cessaire, mais on ne peut pas non plus se mettre hors-la-loi \u00bb, pr\u00e9cise-t-il.\u00a0<\/p>\n<p>Cela n\u2019emp\u00eache pas Lo\u00efc Chevalier de questionner les pratiques. \u00ab On a d\u00e9couvert une carcasse de bovin le 26 ao\u00fbt. Elle est rest\u00e9e jusqu\u2019au 29 sans b\u00e2che, sans rien, au bord d\u2019un chemin p\u00e9destre, avec des vaches p\u00e2turant autour. On trouve que ce n\u2019est pas tr\u00e8s correct, [avec les maladies possibles. Et \u00e7a peut choquer] \u00bb d\u00e9crit Lo\u00efc Chevalier. \u00ab Devant la carcasse, il y avait des pi\u00e8ges photographiques du service de la faune&#8230;\u00bb, pr\u00e9sume-t-il.<\/p>\n<p>De son c\u00f4t\u00e9, le chef du SFFN, Christophe No\u00ebl, ne commente pas cette information. Il assure cependant que le service agit dans les r\u00e8gles. \/yca-vco<\/p>\n","protected":false},"excerpt":{"rendered":"Defend the wolf. Litt\u00e9ralement, d\u00e9fendre le loup. Pour certains, les membres de l\u2019association qui se soucie de l\u2019animal&hellip;\n","protected":false},"author":2,"featured_media":290008,"comment_status":"","ping_status":"","sticky":false,"template":"","format":"standard","meta":{"footnotes":"","_share_on_mastodon":"0"},"categories":[4],"tags":[22,121,124,128,119,122,123,118,136,132,131,133,130,21,135,120,126,117,125,114,115,116,23,129,127,134],"class_list":["post-290007","post","type-post","status-publish","format-standard","has-post-thumbnail","category-actualites","tag-actualites","tag-ajoie","tag-animation","tag-bienne","tag-delemont","tag-franches-montagnes","tag-frequence","tag-jura","tag-jura-bernois","tag-la-chaux-de-fonds","tag-moutier","tag-neuchatel","tag-neuveville","tag-news","tag-payerne","tag-porrentruy","tag-publicite","tag-radio","tag-redaction","tag-rfj","tag-rjb","tag-rtn","tag-suisse","tag-tavannes","tag-vallon-de-st-imier","tag-yverdon"],"share_on_mastodon":{"url":"https:\/\/pubeurope.com\/@ch_fr\/117208398075251061","error":""},"_links":{"self":[{"href":"https:\/\/www.europesays.com\/ch-fr\/wp-json\/wp\/v2\/posts\/290007","targetHints":{"allow":["GET"]}}],"collection":[{"href":"https:\/\/www.europesays.com\/ch-fr\/wp-json\/wp\/v2\/posts"}],"about":[{"href":"https:\/\/www.europesays.com\/ch-fr\/wp-json\/wp\/v2\/types\/post"}],"author":[{"embeddable":true,"href":"https:\/\/www.europesays.com\/ch-fr\/wp-json\/wp\/v2\/users\/2"}],"replies":[{"embeddable":true,"href":"https:\/\/www.europesays.com\/ch-fr\/wp-json\/wp\/v2\/comments?post=290007"}],"version-history":[{"count":0,"href":"https:\/\/www.europesays.com\/ch-fr\/wp-json\/wp\/v2\/posts\/290007\/revisions"}],"wp:featuredmedia":[{"embeddable":true,"href":"https:\/\/www.europesays.com\/ch-fr\/wp-json\/wp\/v2\/media\/290008"}],"wp:attachment":[{"href":"https:\/\/www.europesays.com\/ch-fr\/wp-json\/wp\/v2\/media?parent=290007"}],"wp:term":[{"taxonomy":"category","embeddable":true,"href":"https:\/\/www.europesays.com\/ch-fr\/wp-json\/wp\/v2\/categories?post=290007"},{"taxonomy":"post_tag","embeddable":true,"href":"https:\/\/www.europesays.com\/ch-fr\/wp-json\/wp\/v2\/tags?post=290007"}],"curies":[{"name":"wp","href":"https:\/\/api.w.org\/{rel}","templated":true}]}}