{"id":290017,"date":"2026-09-03T18:04:12","date_gmt":"2026-09-03T18:04:12","guid":{"rendered":"https:\/\/www.europesays.com\/ch-fr\/290017\/"},"modified":"2026-09-03T18:04:12","modified_gmt":"2026-09-03T18:04:12","slug":"vaucluse-julien-dore-a-orange-ce-samedi-5-septembre-il-reste-des-places","status":"publish","type":"post","link":"https:\/\/www.europesays.com\/ch-fr\/290017\/","title":{"rendered":"Vaucluse. Julien Dor\u00e9\u00a0\u00e0 Orange\u00a0ce samedi 5\u00a0septembre, il reste des places"},"content":{"rendered":"<p>Dernier concert de l\u2019\u00e9t\u00e9 et pas des moindres, le th\u00e9\u00e2tre antique d\u2019Orange accueille julien Dor\u00e9 ce samedi 5\u00a0septembre \u00e0 20\u00a0h\u00a030. Sa premi\u00e8re partie sera assur\u00e9e par Alex Montembault. Auteur-compositeur-interpr\u00e8te, ce musicien a gagn\u00e9 en 2023, le prix de la r\u00e9v\u00e9lation masculine aux Troph\u00e9es de la com\u00e9die musicale.<\/p>\n<p>Avec ses 18 ans de carri\u00e8re, Julien Dor\u00e9 montera pour la premi\u00e8re fois sur la sc\u00e8ne du th\u00e9\u00e2tre antique. Auteur, compositeur, interpr\u00e8te, celui qui s\u2019est fait conna\u00eetre avec le t\u00e9l\u00e9-crochet Nouvelle star continue de faire vibrer son public avec des titres devenus cultes tels que Paris-Seychelles, Coco C\u00e2line, Ah, les crocodiles, Le lac, sans oublier une de ses derni\u00e8res reprises, Toutes les femmes de ta vie des L5 tir\u00e9e de son album Imposteur.<\/p>\n","protected":false},"excerpt":{"rendered":"Dernier concert de l\u2019\u00e9t\u00e9 et pas des moindres, le th\u00e9\u00e2tre antique d\u2019Orange accueille julien Dor\u00e9 ce samedi 5\u00a0septembre&hellip;\n","protected":false},"author":2,"featured_media":290018,"comment_status":"","ping_status":"","sticky":false,"template":"","format":"standard","meta":{"footnotes":"","_share_on_mastodon":"0"},"categories":[12],"tags":[663,113,974,112,140,141,15856,39009,852,23,975],"class_list":["post-290017","post","type-post","status-publish","format-standard","has-post-thumbnail","category-musique","tag-culture-loisirs","tag-divertissement","tag-edition-provencale","tag-entertainment","tag-music","tag-musique","tag-orange","tag-orange-bassin","tag-spectacle","tag-suisse","tag-vaucluse"],"share_on_mastodon":{"url":"https:\/\/pubeurope.com\/@ch_fr\/117208433757432882","error":""},"_links":{"self":[{"href":"https:\/\/www.europesays.com\/ch-fr\/wp-json\/wp\/v2\/posts\/290017","targetHints":{"allow":["GET"]}}],"collection":[{"href":"https:\/\/www.europesays.com\/ch-fr\/wp-json\/wp\/v2\/posts"}],"about":[{"href":"https:\/\/www.europesays.com\/ch-fr\/wp-json\/wp\/v2\/types\/post"}],"author":[{"embeddable":true,"href":"https:\/\/www.europesays.com\/ch-fr\/wp-json\/wp\/v2\/users\/2"}],"replies":[{"embeddable":true,"href":"https:\/\/www.europesays.com\/ch-fr\/wp-json\/wp\/v2\/comments?post=290017"}],"version-history":[{"count":0,"href":"https:\/\/www.europesays.com\/ch-fr\/wp-json\/wp\/v2\/posts\/290017\/revisions"}],"wp:featuredmedia":[{"embeddable":true,"href":"https:\/\/www.europesays.com\/ch-fr\/wp-json\/wp\/v2\/media\/290018"}],"wp:attachment":[{"href":"https:\/\/www.europesays.com\/ch-fr\/wp-json\/wp\/v2\/media?parent=290017"}],"wp:term":[{"taxonomy":"category","embeddable":true,"href":"https:\/\/www.europesays.com\/ch-fr\/wp-json\/wp\/v2\/categories?post=290017"},{"taxonomy":"post_tag","embeddable":true,"href":"https:\/\/www.europesays.com\/ch-fr\/wp-json\/wp\/v2\/tags?post=290017"}],"curies":[{"name":"wp","href":"https:\/\/api.w.org\/{rel}","templated":true}]}}