{"id":290021,"date":"2026-09-03T18:06:13","date_gmt":"2026-09-03T18:06:13","guid":{"rendered":"https:\/\/www.europesays.com\/ch-fr\/290021\/"},"modified":"2026-09-03T18:06:13","modified_gmt":"2026-09-03T18:06:13","slug":"george-clooney-critique-la-kakistocratie-de-donald-trump","status":"publish","type":"post","link":"https:\/\/www.europesays.com\/ch-fr\/290021\/","title":{"rendered":"George Clooney critique la \u00ab kakistocratie \u00bb de Donald Trump"},"content":{"rendered":"<p>L&rsquo;acteur et r\u00e9alisateur George Clooney a d\u00e9clar\u00e9 mercredi que les \u00c9tats-Unis allaient surmonter la p\u00e9riode \u00ab\u00a0malheureuse\u00a0\u00bb de leur histoire qu&rsquo;ils traversent actuellement sous l&rsquo;administration Trump, qualifiant celle-ci de gouvernement dirig\u00e9 par les \u00ab\u00a0personnes les moins qualifi\u00e9es\u00a0\u00bb.<\/p>\n<p>\u00ab\u00a0Il existe un tr\u00e8s bon mot, kakistocratie, qui d\u00e9signe un pays dirig\u00e9 par les personnes les moins qualifi\u00e9es. Je pense que nous vivons peut-\u00eatre dans une kakistocratie en ce moment, mais nous nous en remettrons\u00a0\u00bb, a-t-il d\u00e9clar\u00e9 lors d&rsquo;une conf\u00e9rence de presse pr\u00e9c\u00e9dant la soir\u00e9e d&rsquo;ouverture de la Mostra de Venise, au cours de laquelle il recevra un Lion d&rsquo;or pour l&rsquo;ensemble de sa carri\u00e8re.<\/p>\n<p>\u00ab\u00a0Je crois vraiment&#8230; que nous vivons un moment malheureux. Je pense que c&rsquo;est un euph\u00e9misme\u00a0\u00bb, a d\u00e9clar\u00e9 l&rsquo;acteur et r\u00e9alisateur, rendu c\u00e9l\u00e8bre par la s\u00e9rie \u00ab\u00a0Urgences\u00a0\u00bb, qui s&rsquo;est d\u00e9j\u00e0 exprim\u00e9 par le pass\u00e9 contre l&rsquo;administration Trump.<\/p>\n<p> &gt;&gt; Ecouter les pr\u00e9cisions de Forum\u00a0:    George Clooney d\u00e9nonce l\u2019incomp\u00e9tence de Trump lors de la Mostra de Venise \/ Forum \/ 3 min. \/ aujourd&rsquo;hui \u00e0 18:10 Sentiment de \u00ab\u00a0honte\u00a0\u00bb<\/p>\n<p>Abordant devant les journalistes sa carri\u00e8re, l&rsquo;intelligence artificielle, le changement climatique ou encore l&rsquo;\u00e9tat de l&rsquo;industrie du cin\u00e9ma, la m\u00e9gastar hollywoodienne a dit \u00e9prouver un sentiment de \u00ab\u00a0honte\u00a0\u00bb vis-\u00e0-vis du gouvernement am\u00e9ricain.<\/p>\n<p>Mais, se disant optimiste, George Clooney a estim\u00e9 que les \u00e9lections de mi-mandat en novembre aux Etats-Unis pourraient offrir un \u00ab\u00a0contre-pouvoir\u00a0\u00bb et qu'\u00a0\u00bben 2028, avec un peu de chance, nous retrouverons une certaine normalit\u00e9\u00a0\u00bb.<\/p>\n<p>L&rsquo;acteur de 65 ans a notamment expliqu\u00e9 se souvenir avoir travers\u00e9 d&rsquo;autres p\u00e9riodes sombres de l&rsquo;histoire du pays. \u00ab\u00a0Je suis assez \u00e2g\u00e9 pour avoir v\u00e9cu 1968 aux Etats-Unis, quand toutes les grandes villes am\u00e9ricaines \u00e9taient en flammes et que nous avons perdu Martin Luther King et Bobby Kennedy la m\u00eame ann\u00e9e. Il y avait \u00e9norm\u00e9ment de violence. Le Capitole \u00e9tait encercl\u00e9 de chars\u00a0\u00bb, s&rsquo;est-il rem\u00e9mor\u00e9.<\/p>\n<p>\u00ab\u00a0Nous avons connu d&rsquo;autres p\u00e9riodes difficiles, mais celle-ci en fait partie\u00a0\u00bb, a-t-il soulign\u00e9.<\/p>\n<p>\u00ab\u00a0Nous en sortirons meilleurs\u00a0\u00bb<\/p>\n<p>La star, connue pour ses positions engag\u00e9es, a \u00e9galement cit\u00e9 un message publi\u00e9 cette semaine sur le r\u00e9seau social X par le secr\u00e9taire \u00e0 la D\u00e9fense am\u00e9ricain Pete Hegseth, semblant se moquer de l&rsquo;apparence physique d&rsquo;une militaire canadienne en surpoids remettant une m\u00e9daille lors d&rsquo;un camp de jeunes.<\/p>\n<p>\u00ab\u00a0O\u00f9 est le sens de la d\u00e9cence l\u00e0-dedans? Et j&rsquo;ai honte de tout cela, mais nous surmonterons cela\u00a0\u00bb, a d\u00e9clar\u00e9 George Clooney. \u00ab\u00a0Et nous en sortirons meilleurs\u00a0\u00bb, a compl\u00e9t\u00e9 l&rsquo;acteur.<\/p>\n<p class=\"sources\">afp\/fgn<\/p>\n","protected":false},"excerpt":{"rendered":"L&rsquo;acteur et r\u00e9alisateur George Clooney a d\u00e9clar\u00e9 mercredi que les \u00c9tats-Unis allaient surmonter la p\u00e9riode \u00ab\u00a0malheureuse\u00a0\u00bb de leur&hellip;\n","protected":false},"author":2,"featured_media":290022,"comment_status":"","ping_status":"","sticky":false,"template":"","format":"standard","meta":{"footnotes":"","_share_on_mastodon":"0"},"categories":[10],"tags":[1608,1043,113,112,222,1395,741,303,323,421,92,391,296,23,1703,807,1051],"class_list":["post-290021","post","type-post","status-publish","format-standard","has-post-thumbnail","category-divertissement","tag-acteur","tag-chef-de-letat","tag-divertissement","tag-entertainment","tag-etats-unis","tag-george-clooney","tag-gouvernement","tag-histoire","tag-intelligence-artificielle","tag-monde","tag-politique","tag-realisateur","tag-science-et-technologie","tag-suisse","tag-technologie-de-linformation-et-informatique","tag-technologie-et-ingenierie","tag-trump-administration-cabinet"],"share_on_mastodon":{"url":"https:\/\/pubeurope.com\/@ch_fr\/117208441502630346","error":""},"_links":{"self":[{"href":"https:\/\/www.europesays.com\/ch-fr\/wp-json\/wp\/v2\/posts\/290021","targetHints":{"allow":["GET"]}}],"collection":[{"href":"https:\/\/www.europesays.com\/ch-fr\/wp-json\/wp\/v2\/posts"}],"about":[{"href":"https:\/\/www.europesays.com\/ch-fr\/wp-json\/wp\/v2\/types\/post"}],"author":[{"embeddable":true,"href":"https:\/\/www.europesays.com\/ch-fr\/wp-json\/wp\/v2\/users\/2"}],"replies":[{"embeddable":true,"href":"https:\/\/www.europesays.com\/ch-fr\/wp-json\/wp\/v2\/comments?post=290021"}],"version-history":[{"count":0,"href":"https:\/\/www.europesays.com\/ch-fr\/wp-json\/wp\/v2\/posts\/290021\/revisions"}],"wp:featuredmedia":[{"embeddable":true,"href":"https:\/\/www.europesays.com\/ch-fr\/wp-json\/wp\/v2\/media\/290022"}],"wp:attachment":[{"href":"https:\/\/www.europesays.com\/ch-fr\/wp-json\/wp\/v2\/media?parent=290021"}],"wp:term":[{"taxonomy":"category","embeddable":true,"href":"https:\/\/www.europesays.com\/ch-fr\/wp-json\/wp\/v2\/categories?post=290021"},{"taxonomy":"post_tag","embeddable":true,"href":"https:\/\/www.europesays.com\/ch-fr\/wp-json\/wp\/v2\/tags?post=290021"}],"curies":[{"name":"wp","href":"https:\/\/api.w.org\/{rel}","templated":true}]}}