{"id":290045,"date":"2026-09-03T18:19:15","date_gmt":"2026-09-03T18:19:15","guid":{"rendered":"https:\/\/www.europesays.com\/ch-fr\/290045\/"},"modified":"2026-09-03T18:19:15","modified_gmt":"2026-09-03T18:19:15","slug":"stephane-plaza-absent-de-recherche-appartement-ou-maison-il-reagit-pour-la-premiere-fois-a-sa-mise-a-lecart-par-m6","status":"publish","type":"post","link":"https:\/\/www.europesays.com\/ch-fr\/290045\/","title":{"rendered":"St\u00e9phane Plaza absent de \u00ab\u00a0Recherche appartement ou maison\u00a0\u00bb : il r\u00e9agit pour la premi\u00e8re fois \u00e0 sa mise \u00e0 l&rsquo;\u00e9cart par M6"},"content":{"rendered":"<p>\n                                                                    l&rsquo;essentiel<br \/>\n                                                                Des \u00e9pisodes in\u00e9dits de \u00ab\u00a0Recherche appartement ou maison\u00a0\u00bb sont diffus\u00e9s sur M6 ce jeudi soir. Sans St\u00e9phane Plaza, \u00e9cart\u00e9 d\u00e9finitivement de la cha\u00eene apr\u00e8s sa condamnation en justice. L&rsquo;agent immobilier a r\u00e9agi pour la premi\u00e8re fois.\n                            <\/p>\n<p>Ex-star des programmes immobiliers de M6, St\u00e9phane Plaza et la t\u00e9l\u00e9, c&rsquo;est fini. Le retour de l&rsquo;\u00e9mission \u00ab\u00a0Recherche appartement ou maison\u00a0\u00bb, ce jeudi soir \u00e0 21 h 10, marque la mise \u00e0 l&rsquo;\u00e9cart d\u00e9finitive de l&rsquo;animateur. La justice l&rsquo;a condamn\u00e9 pour violences physiques et psychologiques sur d&rsquo;anciennes compagnes.<\/p>\n<p>        <img decoding=\"async\" class=\"std-img__img responsive-img\" src=\"https:\/\/www.europesays.com\/ch-fr\/wp-content\/uploads\/2026\/09\/1788459555_131_image.png\" alt=\"Le nouveau quaturor de &quot;Recherche appartement ou maison&quot;.\"\/><\/p>\n<p>                Le nouveau quaturor de \u00ab\u00a0Recherche appartement ou maison\u00a0\u00bb.<br \/>\n                                    Cr\u00e9dit M6<\/p>\n<p>Pour le retour de \u00ab\u00a0Recherche appartement ou maison\u00a0\u00bb, M6 a choisi de faire appel \u00e0 un quatuor d&rsquo;agents immobiliers. Thibault Chanel et Sandra Viricel sont deux agents immobiliers historiques du programme, d\u00e9j\u00e0 pr\u00e9sents du temps de St\u00e9phane Plaza. La cha\u00eene a recrut\u00e9 deux nouvelles personnalit\u00e9s : Etienne Claude, un sp\u00e9cialiste du home staging et de la valorisation immobili\u00e8re, et Camille Duquennoy, une experte du march\u00e9 immobilier.<\/p>\n<p>\u00ab\u00a0Choisissez bien les cl\u00e9s\u00a0\u00bb<\/p>\n<p>Rest\u00e9 silencieux depuis sa mise \u00e0 l&rsquo;\u00e9cart, St\u00e9phane Plaza s&rsquo;est exprim\u00e9 sur ses r\u00e9seaux sociaux, ce jeudi 3 septembre, pour s&rsquo;adresser aux t\u00e9l\u00e9spectateurs et \u00e0 son ancienne \u00e9quipe. Il salue \u00ab\u00a015 ann\u00e9es extraordinaires \u00e0 aimer cette \u00e9mission, \u00e0 la pr\u00e9senter, \u00e0 faire ces recherches, \u00e0 rencontrer tant de belles personnes\u2026 et \u00e0 partager tout cela avec vous, t\u00e9l\u00e9spectateurs\u00a0\u00bb. Pas rancunier, il poursuit : \u00ab\u00a0Je lui souhaite de continuer longtemps son chemin\u00a0\u00bb. Avant d&rsquo;ajouter : \u00ab\u00a0Bonne chance Sandra, Thibault et les nouveaux. Choisissez bien les cl\u00e9s\u00a0\u00bb.<\/p>\n<p>Fix\u00e9 sur son sort le 18 septembre<\/p>\n<p>St\u00e9phane Plaza avait \u00e9t\u00e9 <a href=\"https:\/\/www.ladepeche.fr\/2025\/02\/18\/stephane-plaza-condamne-a-12-mois-de-prison-avec-sursis-pour-violences-habituelles-m6-annonce-la-deprogrammation-de-ses-emissions-12520691.php\" target=\"_blank\" rel=\"nofollow noopener\">condamn\u00e9 \u00e0 un an de prison avec sursis<\/a> en premi\u00e8re instance. <a href=\"https:\/\/www.ladepeche.fr\/2026\/06\/26\/accuse-de-violences-conjugales-lanimateur-vedette-stephane-plaza-est-de-retour-devant-la-justice-pour-son-proces-en-appel-13439052.php\" target=\"_blank\" rel=\"nofollow noopener\">Jug\u00e9 en appel au d\u00e9but de l&rsquo;\u00e9t\u00e9<\/a>, il encourt six mois de prison avec sursis probatoire et une amende de 12 000 euros. La cour d&rsquo;appel de Paris rendra son arr\u00eat le 18 septembre 2026.<\/p>\n<p>Agent immobilier de profession, St\u00e9phane Plaza avait \u00e9t\u00e9 d\u00e9nich\u00e9 par M6 et il \u00e9tait appr\u00e9ci\u00e9 des t\u00e9l\u00e9spectateurs pour ses bons conseils, son empathie mais aussi son c\u00f4t\u00e9 gaffeur. La cha\u00eene lui avait confi\u00e9 de multiples \u00e9missions immobili\u00e8res comme \u00ab\u00a0Recherche appartement ou maison\u00a0\u00bb, \u00ab\u00a0Maison \u00e0 vendre\u00a0\u00bb ou \u00ab\u00a0Chasseurs d&rsquo;appart\u00a0\u00bb. Il avait pr\u00e9sent\u00e9 des divertissements aux c\u00f4t\u00e9s de Karine Le Marchand comme \u00ab\u00a0On ne choisit pas ses voisins\u00a0\u00bb ou \u00ab\u00a0Qu&rsquo;est-ce que je sais vraiment ?\u00a0\u00bb Il s&rsquo;\u00e9tait aussi lanc\u00e9 dans une carri\u00e8re au th\u00e9\u00e2tre.<\/p>\n<p>Retour \u00e0 l&rsquo;immobilier<\/p>\n<p>\u00c9cart\u00e9 des plateaux t\u00e9l\u00e9, St\u00e9phane Plaza ne tourne plus aucune \u00e9mission pour M6 et a retrouv\u00e9 son m\u00e9tier d&rsquo;origine : l&rsquo;immobilier. Son r\u00e9seau d&rsquo;agences St\u00e9phane Plaza Immobilier, cr\u00e9\u00e9 en 2015, <a href=\"https:\/\/www.ladepeche.fr\/2026\/07\/02\/stephane-plaza-m6-se-retire-du-reseau-dagences-immobilieres-de-lanimateur-juge-pour-violences-conjugales-13449354.php\" target=\"_blank\" rel=\"nofollow noopener\">ne compte plus M6 dans son actionnariat depuis juillet dernier<\/a>. La cha\u00eene a investi dans une nouvelle franchise baptis\u00e9e Sixi\u00e8me avenue tandis que St\u00e9phane Plaza a rejoint la holding WIF Group qui comprend les marques St\u00e9phane Plaza Immobilier et We Invest. Le groupe repr\u00e9sente 140 points de vente et pr\u00e8s de 1000 conseillers immobiliers.<\/p>\n","protected":false},"excerpt":{"rendered":"l&rsquo;essentiel Des \u00e9pisodes in\u00e9dits de \u00ab\u00a0Recherche appartement ou maison\u00a0\u00bb sont diffus\u00e9s sur M6 ce jeudi soir. Sans St\u00e9phane&hellip;\n","protected":false},"author":2,"featured_media":290046,"comment_status":"","ping_status":"","sticky":false,"template":"","format":"standard","meta":{"footnotes":"","_share_on_mastodon":"0"},"categories":[15],"tags":[158,157,113,112,159,23,1993],"class_list":["post-290045","post","type-post","status-publish","format-standard","has-post-thumbnail","category-people","tag-celebrities","tag-celebrity","tag-divertissement","tag-entertainment","tag-people","tag-suisse","tag-tele-medias"],"share_on_mastodon":{"url":"https:\/\/pubeurope.com\/@ch_fr\/117208492900960447","error":""},"_links":{"self":[{"href":"https:\/\/www.europesays.com\/ch-fr\/wp-json\/wp\/v2\/posts\/290045","targetHints":{"allow":["GET"]}}],"collection":[{"href":"https:\/\/www.europesays.com\/ch-fr\/wp-json\/wp\/v2\/posts"}],"about":[{"href":"https:\/\/www.europesays.com\/ch-fr\/wp-json\/wp\/v2\/types\/post"}],"author":[{"embeddable":true,"href":"https:\/\/www.europesays.com\/ch-fr\/wp-json\/wp\/v2\/users\/2"}],"replies":[{"embeddable":true,"href":"https:\/\/www.europesays.com\/ch-fr\/wp-json\/wp\/v2\/comments?post=290045"}],"version-history":[{"count":0,"href":"https:\/\/www.europesays.com\/ch-fr\/wp-json\/wp\/v2\/posts\/290045\/revisions"}],"wp:featuredmedia":[{"embeddable":true,"href":"https:\/\/www.europesays.com\/ch-fr\/wp-json\/wp\/v2\/media\/290046"}],"wp:attachment":[{"href":"https:\/\/www.europesays.com\/ch-fr\/wp-json\/wp\/v2\/media?parent=290045"}],"wp:term":[{"taxonomy":"category","embeddable":true,"href":"https:\/\/www.europesays.com\/ch-fr\/wp-json\/wp\/v2\/categories?post=290045"},{"taxonomy":"post_tag","embeddable":true,"href":"https:\/\/www.europesays.com\/ch-fr\/wp-json\/wp\/v2\/tags?post=290045"}],"curies":[{"name":"wp","href":"https:\/\/api.w.org\/{rel}","templated":true}]}}