{"id":290067,"date":"2026-09-03T18:31:13","date_gmt":"2026-09-03T18:31:13","guid":{"rendered":"https:\/\/www.europesays.com\/ch-fr\/290067\/"},"modified":"2026-09-03T18:31:13","modified_gmt":"2026-09-03T18:31:13","slug":"el-nino-lonu-prevoit-un-episode-de-tres-forte-intensite","status":"publish","type":"post","link":"https:\/\/www.europesays.com\/ch-fr\/290067\/","title":{"rendered":"El Ni\u00f1o : l&rsquo;ONU pr\u00e9voit un \u00e9pisode de tr\u00e8s forte intensit\u00e9"},"content":{"rendered":"<p>Le ph\u00e9nom\u00e8ne El Ni\u00f1o est d\u00e9sormais \u00ab\u00a0solidement install\u00e9\u00a0\u00bb. Il devrait encore se renforcer dans les prochains mois pour atteindre une intensit\u00e9 \u00ab\u00a0tr\u00e8s forte\u00a0\u00bb, avec une quasi-certitude qu&rsquo;il se prolonge jusqu&rsquo;en f\u00e9vrier 2027, a alert\u00e9 jeudi l&rsquo;Organisation m\u00e9t\u00e9orologique mondiale (OMM).<\/p>\n<p>\u00ab\u00a0El Ni\u00f1o va s&rsquo;intensifier pour devenir un ph\u00e9nom\u00e8ne de tr\u00e8s forte intensit\u00e9 dans les mois \u00e0 venir, avec des r\u00e9percussions importantes sur les r\u00e9gimes de temp\u00e9rature et de pr\u00e9cipitations, ainsi que sur les risques associ\u00e9s d&rsquo;inondations, de s\u00e9cheresses et de chaleurs extr\u00eames\u00a0\u00bb, pr\u00e9vient une nouvelle mise \u00e0 jour de l&rsquo;OMM.<\/p>\n<p>L&rsquo;\u00e9pisode \u00ab\u00a0devrait se renforcer encore au cours des prochains mois pour atteindre une tr\u00e8s forte intensit\u00e9 avant de parvenir \u00e0 son apog\u00e9e vers la fin de l&rsquo;ann\u00e9e 2026\u00a0\u00bb, pr\u00e9vient encore l&rsquo;OMM.<\/p>\n<p>En outre, souligne l&rsquo;organisation, les derni\u00e8res pr\u00e9visions saisonni\u00e8res des centres mondiaux de production de l&rsquo;OMM indiquent \u00ab\u00a0une probabilit\u00e9 exceptionnellement \u00e9lev\u00e9e\u00a0\u00bb de pr\u00e8s de 100% qu&rsquo;El Ni\u00f1o se maintienne jusqu&rsquo;en f\u00e9vrier 2027.<\/p>\n<p> &gt;&gt; Les explications de Forum\u00a0:   <img decoding=\"async\" class=\"embed-responsive-item\" loading=\"lazy\" src=\"https:\/\/www.europesays.com\/ch-fr\/wp-content\/uploads\/2026\/09\/414242a1-29346894.image.jpeg\" alt=\"L'ONU pr\u00e9voit un ph\u00e9nom\u00e8ne m\u00e9t\u00e9o El Ni\u00f1o de tr\u00e8s forte intensit\u00e9 ces prochains mois\"\/>    L&rsquo;ONU pr\u00e9voit un ph\u00e9nom\u00e8ne m\u00e9t\u00e9o El Ni\u00f1o de tr\u00e8s forte intensit\u00e9 ces prochains mois \/ Forum \/ 1 min. \/ aujourd&rsquo;hui \u00e0 19:00 \u00ab\u00a0Pas de temps \u00e0 perdre\u00a0\u00bb<\/p>\n<p>El Ni\u00f1o est un ph\u00e9nom\u00e8ne naturel qui revient tous les deux \u00e0 sept ans (lire encadr\u00e9). Il s&rsquo;ajoute au changement climatique caus\u00e9 par les activit\u00e9s humaines, dopant les \u00e9v\u00e9nements m\u00e9t\u00e9o extr\u00eames. Toutefois, l&rsquo;intensit\u00e9 d&rsquo;un \u00e9pisode d&rsquo;El Ni\u00f1o ne suffit pas \u00e0 d\u00e9terminer la gravit\u00e9 de ses cons\u00e9quences dans un pays ou une r\u00e9gion donn\u00e9e, souligne l&rsquo;OMM.<\/p>\n<p>Ses effets varient selon les r\u00e9gions et les saisons et peuvent \u00eatre modifi\u00e9s par d&rsquo;autres facteurs climatiques, notamment les conditions dans les oc\u00e9ans Indien et Atlantique.<\/p>\n<p>Pour la p\u00e9riode septembre-novembre 2026, les pr\u00e9visions de l&rsquo;OMM indiquent une probabilit\u00e9 accrue de temp\u00e9ratures sup\u00e9rieures \u00e0 la normale sur la quasi-totalit\u00e9 des terres \u00e9merg\u00e9es, ainsi que des r\u00e9gimes de pr\u00e9cipitations correspondant \u00e0 une r\u00e9ponse atmosph\u00e9rique marqu\u00e9e et classique \u00e0 un fort El Ni\u00f1o dans le Pacifique.<\/p>\n<p>El Ni\u00f1o \u00ab\u00a0a le potentiel de porter un coup dur aux populations et aux \u00e9conomies du monde entier. Nous constatons d\u00e9j\u00e0 les perturbations et les ravages caus\u00e9s par les s\u00e9cheresses et les inondations, et nous nous attendons \u00e0 ce que ces effets s&rsquo;aggravent \u00e0 mesure qu&rsquo;El Ni\u00f1o s&rsquo;intensifie\u00a0\u00bb, a pr\u00e9venu la secr\u00e9taire g\u00e9n\u00e9rale de l&rsquo;OMM, Celeste Saulo.<\/p>\n<p>\u00ab\u00a0Cet \u00e9pisode El Ni\u00f1o exceptionnel exige une pr\u00e9paration et une r\u00e9action exceptionnelles (&#8230;). Il n&rsquo;y a pas de temps \u00e0 perdre\u00a0\u00bb, a-t-elle ajout\u00e9.<\/p>\n<p>\u00ab\u00a0Une course contre-la-montre se joue d\u00e9sormais entre l&rsquo;aggravation des risques et notre d\u00e9termination \u00e0 agir pour le climat et \u00e0 prot\u00e9ger les populations\u00a0\u00bb, a exhort\u00e9 de son c\u00f4t\u00e9 le secr\u00e9taire g\u00e9n\u00e9ral de l&rsquo;ONU, Antonio Guterres. Antonio Guterres.<\/p>\n<p>2027, l&rsquo;ann\u00e9e la plus chaude jamais enregistr\u00e9e?<\/p>\n<p>L&rsquo;ann\u00e9e suivant El Ni\u00f1o, la chaleur emmagasin\u00e9e dans l&rsquo;oc\u00e9an se lib\u00e8re dans l&rsquo;atmosph\u00e8re, contribuant g\u00e9n\u00e9ralement \u00e0 augmenter les temp\u00e9ratures mondiales, ce qui fait pr\u00e9dire que 2027 sera l&rsquo;ann\u00e9e la plus chaude jamais enregistr\u00e9e.<\/p>\n<p>L&rsquo;ann\u00e9e la plus chaude \u00e0 ce jour est 2024, apr\u00e8s le dernier El Ni\u00f1o.<\/p>\n<p class=\"sources\">ats\/fgn<\/p>\n","protected":false},"excerpt":{"rendered":"Le ph\u00e9nom\u00e8ne El Ni\u00f1o est d\u00e9sormais \u00ab\u00a0solidement install\u00e9\u00a0\u00bb. Il devrait encore se renforcer dans les prochains mois pour&hellip;\n","protected":false},"author":2,"featured_media":290068,"comment_status":"","ping_status":"","sticky":false,"template":"","format":"standard","meta":{"footnotes":"","_share_on_mastodon":"0"},"categories":[4],"tags":[22,2889,1835,1501,34385,355,1333,668,21,6348,1777,38721,392,1643,18913,23,6122,3115],"class_list":["post-290067","post","type-post","status-publish","format-standard","has-post-thumbnail","category-actualites","tag-actualites","tag-catastrophe-naturelle","tag-desastres","tag-desastres-et-accidents","tag-el-nino","tag-environnement","tag-episode","tag-meteo","tag-news","tag-ocean","tag-onu","tag-organisation-meteorologique-mondiale","tag-phenomene","tag-risque","tag-secheresse","tag-suisse","tag-temperature","tag-temps"],"share_on_mastodon":{"url":"https:\/\/pubeurope.com\/@ch_fr\/117208540278827056","error":""},"_links":{"self":[{"href":"https:\/\/www.europesays.com\/ch-fr\/wp-json\/wp\/v2\/posts\/290067","targetHints":{"allow":["GET"]}}],"collection":[{"href":"https:\/\/www.europesays.com\/ch-fr\/wp-json\/wp\/v2\/posts"}],"about":[{"href":"https:\/\/www.europesays.com\/ch-fr\/wp-json\/wp\/v2\/types\/post"}],"author":[{"embeddable":true,"href":"https:\/\/www.europesays.com\/ch-fr\/wp-json\/wp\/v2\/users\/2"}],"replies":[{"embeddable":true,"href":"https:\/\/www.europesays.com\/ch-fr\/wp-json\/wp\/v2\/comments?post=290067"}],"version-history":[{"count":0,"href":"https:\/\/www.europesays.com\/ch-fr\/wp-json\/wp\/v2\/posts\/290067\/revisions"}],"wp:featuredmedia":[{"embeddable":true,"href":"https:\/\/www.europesays.com\/ch-fr\/wp-json\/wp\/v2\/media\/290068"}],"wp:attachment":[{"href":"https:\/\/www.europesays.com\/ch-fr\/wp-json\/wp\/v2\/media?parent=290067"}],"wp:term":[{"taxonomy":"category","embeddable":true,"href":"https:\/\/www.europesays.com\/ch-fr\/wp-json\/wp\/v2\/categories?post=290067"},{"taxonomy":"post_tag","embeddable":true,"href":"https:\/\/www.europesays.com\/ch-fr\/wp-json\/wp\/v2\/tags?post=290067"}],"curies":[{"name":"wp","href":"https:\/\/api.w.org\/{rel}","templated":true}]}}