{"id":290077,"date":"2026-09-03T18:38:28","date_gmt":"2026-09-03T18:38:28","guid":{"rendered":"https:\/\/www.europesays.com\/ch-fr\/290077\/"},"modified":"2026-09-03T18:38:28","modified_gmt":"2026-09-03T18:38:28","slug":"celine-dion-donne-une-lecon-de-style-aux-parisiens","status":"publish","type":"post","link":"https:\/\/www.europesays.com\/ch-fr\/290077\/","title":{"rendered":"C\u00e9line Dion donne une le\u00e7on de style aux Parisiens"},"content":{"rendered":"<p class=\"1_12_tx_courant\">En pleine r\u00e9p\u00e9tition de la s\u00e9rie de concerts qu\u2019elle donnera \u00e0 Paris, C\u00e9line Dion a offert ces derniers jours une v\u00e9ritable le\u00e7on de style aux Parisiens qui l\u2019attendaient \u00e0 la sortie de son h\u00f4tel, situ\u00e9 dans le 17e arrondissement.\u00a0<\/p>\n<p class=\"toreadalso-fromEMP\">\u2022 \u00c0 lire aussi\u00a0: <a href=\"https:\/\/www.journaldequebec.com\/2026\/09\/02\/repetitions-secretes-et-glamour--5-choses-a-savoir-sur-les-premiers-jours-de-celine-dion-a-paris\" target=\"63adc81f-85a8-4f4a-8188-bdbd130db3e4\" rel=\"nofollow noopener\">R\u00e9p\u00e9titions secr\u00e8tes et glamour\u00a0: 5 choses \u00e0 savoir sur les premiers jours de C\u00e9line Dion \u00e0 Paris<\/a><\/p>\n<p class=\"toreadalso-fromEMP\">\u2022 \u00c0 lire aussi\u00a0: <a href=\"https:\/\/www.journaldemontreal.com\/2026\/09\/01\/celine-dion-chante-avec-des-admirateurs-qui-lattendent-devant-son-hotel-parisien\" target=\"2ad094f9-b789-45de-86eb-c92ee33ab567\" rel=\"nofollow noopener\">C\u00e9line Dion chante avec des admirateurs qui l\u2019attendent devant son h\u00f4tel parisien<\/a><\/p>\n<p class=\"1_12_tx_courant\">La star, qui a retrouv\u00e9 sa styliste de longue date, Annie Horth, a notamment \u00e9t\u00e9 photographi\u00e9e dans les rues de la capitale fran\u00e7aise coiff\u00e9e d\u2019un chignon \u00e9l\u00e9gant et habill\u00e9e tant\u00f4t d\u2019un trench portefeuille de la maison Ala\u00efa, tout droit tir\u00e9 de la collection hiver-printemps 2027, tant\u00f4t d\u2019une veste Tom Ford emboss\u00e9e, issue de la collection automne-hiver 2026.<\/p>\n<p>                <a class=\"fancybox\" rel=\"group nofollow noopener\" href=\"https:\/\/m1.quebecormedia.com\/emp\/emp\/ec75b710-a2f9-11f1-b7bf-f50086c846aa_ORIGINAL.jpg?impolicy=crop-resize&amp;x=0&amp;y=0&amp;w=3006&amp;h=3790&amp;width=1400\" target=\"_blank\"><\/p>\n<p>                  <img decoding=\"async\"  src=\"https:\/\/www.europesays.com\/ch-fr\/wp-content\/uploads\/2026\/09\/ec75b710-a2f9-11f1-b7bf-f50086c846aa_ORIGINAL.jpg\" class=\"story-img\" alt=\"C\u00e9line Dion portant les cr\u00e9ations de la maison Ala\u00efa devant Le Royal Monceau, \u00e0 Paris.\"\/><br \/>\n                <\/a><\/p>\n<p>                    C\u00e9line Dion portant les cr\u00e9ations de la maison Ala\u00efa devant Le Royal Monceau, \u00e0 Paris.<\/p>\n<p>                    MEGA\/WENN<\/p>\n<p>  La robe en cuir Loewe<\/p>\n<p class=\"1_12_tx_courant\">Mardi, la chanteuse de 58 ans a \u00e9t\u00e9 aper\u00e7ue dans une robe noire en cuir dot\u00e9e d\u2019un corsage sculpt\u00e9 et d\u2019une jupe asym\u00e9trique orn\u00e9e de peau lain\u00e9e, sign\u00e9e par la maison espagnole Loewe. Une pi\u00e8ce issue de la collection automne 2026 et dont le prix pourrait se situer autour de 16\u00a0550\u00a0$, si on se fie \u00e0 une robe comparable en laine.<\/p>\n<p class=\"1_12_tx_courant\">\u00c0 ses pieds, elle portait des escarpins R\u00e9gine d\u2019Yves Saint Laurent, qu\u2019on peut trouver \u00e0 1600\u00a0$, agenc\u00e9s avec un sac Flamenco de Loewe, affich\u00e9 sur le site de la maison de haute couture \u00e0 2600\u00a0$.<\/p>\n<p class=\"1_12_tx_courant\">Estimation du prix de ce look\u00a0: autour de 21\u00a0200\u00a0$<\/p>\n<p>                <a class=\"fancybox\" rel=\"group nofollow noopener\" href=\"https:\/\/m1.quebecormedia.com\/emp\/emp\/8b3000a0-a641-11f1-be4a-5304adff1991_ORIGINAL.jpg?impolicy=crop-resize&amp;x=0&amp;y=0&amp;w=3152&amp;h=4182&amp;width=1400\" target=\"_blank\"><\/p>\n<p>                  <img decoding=\"async\"  src=\"https:\/\/www.europesays.com\/ch-fr\/wp-content\/uploads\/2026\/09\/8b3000a0-a641-11f1-be4a-5304adff1991_ORIGINAL.jpg\" class=\"story-img\" alt=\"C\u00e9line Dion en Loewe \u00e0 Paris pour les r\u00e9p\u00e9titions des concerts qu\u2019elle donnera au cours des prochaines semaines \u00e0 l\u2019arena La D\u00e9fense.\"\/><br \/>\n                <\/a><\/p>\n<p>                    C\u00e9line Dion en Loewe \u00e0 Paris pour les r\u00e9p\u00e9titions des concerts qu\u2019elle donnera au cours des prochaines semaines \u00e0 l\u2019arena La D\u00e9fense.<\/p>\n<p>                    MEGA\/WENN<\/p>\n<p>  La veste en crocodile<\/p>\n<p class=\"1_12_tx_courant\">La veille, c\u2019est dans une veste de motard en crocodile de Tom Ford qu\u2019elle a d\u00e9fil\u00e9 devant Le Royal Monceau, v\u00eatue \u00e9galement d\u2019un bermuda noir coup\u00e9 au genou \u00e0 2080\u00a0$ et d\u2019une paire de bottes montantes en crocodile noir \u00e0 talons aiguilles du m\u00eame cr\u00e9ateur \u00e0 4140\u00a0$. Des lunettes fum\u00e9es Yves Saint Laurent \u00e0 565\u00a0$ et un sac \u00e0 main Tom Ford \u00e0 2500\u00a0$ compl\u00e9taient le look. Le prix de ce genre de veste peut quant \u00e0 lui \u00e9norm\u00e9ment varier d\u2019une pi\u00e8ce \u00e0 l\u2019autre, selon sa composition et sa raret\u00e9, allant de 4000\u00a0$ \u00e0 pr\u00e8s de 100\u00a0000\u00a0$.\u00a0<\/p>\n<p class=\"1_12_tx_courant\">Estimation du prix de ce look\u00a0: de 15\u00a0000\u00a0$ \u00e0 plus de 100\u00a0000\u00a0$.<\/p>\n<p>  Le trench Ala\u00efa<\/p>\n<p class=\"1_12_tx_courant\">Plus t\u00f4t dans la semaine, elle a \u00e9t\u00e9 photographi\u00e9e avec un trench-coat portefeuille classique, drap\u00e9 et pliss\u00e9 Ala\u00efa et des bottes en su\u00e8de \u00e0 4580\u00a0$ qui n\u2019ont pas encore d\u00e9fil\u00e9 sur les podiums, puisqu\u2019ils font tous les deux partie de la prochaine collection Archetypes hiver-printemps 2027. D\u00e9pendamment de leur mati\u00e8re, les trenchs de la maison Ala\u00efa peuvent co\u00fbter de 8000\u00a0$ \u00e0 pr\u00e8s de 30\u00a0000\u00a0$.<\/p>\n<p class=\"1_12_tx_courant\">La star portait \u00e9galement des lunettes de soleil Prada \u00e0 600\u00a0$.<\/p>\n<p class=\"1_12_tx_courant\">Estimation du prix de ce look\u00a0: entre 13\u00a0000\u00a0$ et plus de 35\u00a0000\u00a0$<\/p>\n<p>                <a class=\"fancybox\" rel=\"group nofollow noopener\" href=\"https:\/\/m1.quebecormedia.com\/emp\/emp\/cd995310-a2f9-11f1-b7bf-f50086c846aa_ORIGINAL.jpg?impolicy=crop-resize&amp;x=0&amp;y=0&amp;w=2978&amp;h=3648&amp;width=1400\" target=\"_blank\"><\/p>\n<p>                  <img decoding=\"async\"  src=\"https:\/\/www.europesays.com\/ch-fr\/wp-content\/uploads\/2026\/09\/cd995310-a2f9-11f1-b7bf-f50086c846aa_ORIGINAL.jpg\" class=\"story-img\" alt=\"C\u00e9line Dion salue ses fans dans un trench de la maison Ala\u00efa devant Le Royal Monceau, \u00e0 Paris.\"\/><br \/>\n                <\/a><\/p>\n<p>                    C\u00e9line Dion salue ses fans dans un trench de la maison Ala\u00efa devant Le Royal Monceau, \u00e0 Paris.<\/p>\n<p>                    MEGA\/WENN<\/p>\n<p>                <a class=\"fancybox\" rel=\"group nofollow noopener\" href=\"https:\/\/m1.quebecormedia.com\/emp\/emp\/d45e6af0-a2f9-11f1-b7bf-f50086c846aa_ORIGINAL.jpg?impolicy=crop-resize&amp;x=0&amp;y=0&amp;w=2723&amp;h=3681&amp;width=1400\" target=\"_blank\"><\/p>\n<p>                  <img decoding=\"async\"  src=\"https:\/\/www.europesays.com\/ch-fr\/wp-content\/uploads\/2026\/09\/d45e6af0-a2f9-11f1-b7bf-f50086c846aa_ORIGINAL.jpg\" class=\"story-img\" alt=\"C\u00e9line Dion \u00e0 Paris.\"\/><br \/>\n                <\/a><\/p>\n<p>                    C\u00e9line Dion \u00e0 Paris.<\/p>\n<p>                    MEGA\/WENN<\/p>\n<p class=\"1_12_tx_courant\">Cette nouvelle s\u00e9rie de looks parisiens, plus sobres, tranche avec les tenues de spectacle extravagantes arbor\u00e9es lors de sa collaboration avec Law Roach.<\/p>\n<p class=\"1_12_tx_courant\">Au cours des prochaines semaines, C\u00e9line Dion donnera 16 concerts \u00e0 La D\u00e9fense Arena en septembre ainsi qu\u2019en octobre.<\/p>\n","protected":false},"excerpt":{"rendered":"En pleine r\u00e9p\u00e9tition de la s\u00e9rie de concerts qu\u2019elle donnera \u00e0 Paris, C\u00e9line Dion a offert ces derniers&hellip;\n","protected":false},"author":2,"featured_media":290078,"comment_status":"","ping_status":"","sticky":false,"template":"","format":"standard","meta":{"footnotes":"","_share_on_mastodon":"0"},"categories":[15],"tags":[158,157,113,112,159,23],"class_list":["post-290077","post","type-post","status-publish","format-standard","has-post-thumbnail","category-people","tag-celebrities","tag-celebrity","tag-divertissement","tag-entertainment","tag-people","tag-suisse"],"share_on_mastodon":{"url":"https:\/\/pubeurope.com\/@ch_fr\/117208567816283724","error":""},"_links":{"self":[{"href":"https:\/\/www.europesays.com\/ch-fr\/wp-json\/wp\/v2\/posts\/290077","targetHints":{"allow":["GET"]}}],"collection":[{"href":"https:\/\/www.europesays.com\/ch-fr\/wp-json\/wp\/v2\/posts"}],"about":[{"href":"https:\/\/www.europesays.com\/ch-fr\/wp-json\/wp\/v2\/types\/post"}],"author":[{"embeddable":true,"href":"https:\/\/www.europesays.com\/ch-fr\/wp-json\/wp\/v2\/users\/2"}],"replies":[{"embeddable":true,"href":"https:\/\/www.europesays.com\/ch-fr\/wp-json\/wp\/v2\/comments?post=290077"}],"version-history":[{"count":0,"href":"https:\/\/www.europesays.com\/ch-fr\/wp-json\/wp\/v2\/posts\/290077\/revisions"}],"wp:featuredmedia":[{"embeddable":true,"href":"https:\/\/www.europesays.com\/ch-fr\/wp-json\/wp\/v2\/media\/290078"}],"wp:attachment":[{"href":"https:\/\/www.europesays.com\/ch-fr\/wp-json\/wp\/v2\/media?parent=290077"}],"wp:term":[{"taxonomy":"category","embeddable":true,"href":"https:\/\/www.europesays.com\/ch-fr\/wp-json\/wp\/v2\/categories?post=290077"},{"taxonomy":"post_tag","embeddable":true,"href":"https:\/\/www.europesays.com\/ch-fr\/wp-json\/wp\/v2\/tags?post=290077"}],"curies":[{"name":"wp","href":"https:\/\/api.w.org\/{rel}","templated":true}]}}