{"id":290109,"date":"2026-09-03T18:56:15","date_gmt":"2026-09-03T18:56:15","guid":{"rendered":"https:\/\/www.europesays.com\/ch-fr\/290109\/"},"modified":"2026-09-03T18:56:15","modified_gmt":"2026-09-03T18:56:15","slug":"zurich-insurance-pourquoi-nous-changeons-de-conseil","status":"publish","type":"post","link":"https:\/\/www.europesays.com\/ch-fr\/290109\/","title":{"rendered":"Zurich Insurance\u00a0: pourquoi nous changeons de conseil"},"content":{"rendered":"<p>Le 1er\u00a0semestre a d\u00e9pass\u00e9 nos attentes. Le b\u00e9n\u00e9fice op\u00e9rationnel grimpe de 13% par rapport \u00e0 un\u00a0an plus t\u00f4t, \u00e0 4,8\u00a0milliards de dollars.<\/p>\n<p>En assurance dommages, le r\u00e9sultat op\u00e9rationnel grimpe de 16%, \u00e0 2,8\u00a0milliards de dollars. Dans la client\u00e8le d\u2019entreprises, l\u2019assureur se concentre sur celles de taille interm\u00e9diaire. Il a assur\u00e9 plus de 500\u00a0projets de data centers aux USA ces 5\u00a0derni\u00e8res ann\u00e9es. B\u00e9mol\u00a0: la hausse des tarifs est moins forte qu\u2019attendu.<\/p>\n<p>En assurance-vie le r\u00e9sultat op\u00e9rationnel grimpe de 23% \u00e0&#8230;<\/p>\n<p>La suite de l\u2019analyse permet de mieux \u00e9valuer le potentiel et les risques de l\u2019action.<\/p>\n<p>    Zurich Insurance d\u00e9passe les attentes au premier semestre 2026<\/p>\n<p>\nLe 1er\u00a0semestre a d\u00e9pass\u00e9 nos attentes. Le <a href=\"https:\/\/www.test-achats.be\/invest\/lexicon\/b\/benefice-operationnel\" rel=\"nofollow noopener\" target=\"_blank\">b\u00e9n\u00e9fice op\u00e9rationnel<\/a>\u00a0grimpe de 13% par rapport \u00e0 un\u00a0an plus t\u00f4t, \u00e0 4,8\u00a0milliards de dollars.<\/p>\n<p>En assurance dommages, le <a href=\"https:\/\/www.test-achats.be\/invest\/lexicon\/r\/resultat-operationnel\" rel=\"nofollow noopener\" target=\"_blank\">r\u00e9sultat op\u00e9rationnel<\/a>\u00a0grimpe de 16%, \u00e0 2,8\u00a0milliards de dollars. Dans la client\u00e8le d\u2019entreprises, l\u2019assureur se concentre sur celles de taille interm\u00e9diaire. Il a assur\u00e9 plus de 500\u00a0projets de data centers aux USA ces 5\u00a0derni\u00e8res ann\u00e9es. B\u00e9mol\u00a0: la hausse des tarifs est moins forte qu\u2019attendu.<\/p>\n<p>En assurance-vie le <a href=\"https:\/\/www.test-achats.be\/invest\/lexicon\/r\/resultat-operationnel\" rel=\"nofollow noopener\" target=\"_blank\">r\u00e9sultat op\u00e9rationnel<\/a>\u00a0grimpe de 23% \u00e0 1,3\u00a0milliard de dollars, notamment gr\u00e2ce \u00e0 la demande pour certains produits s\u2019av\u00e9rant plus rentables (pour des risques sp\u00e9cifiques, comme p.ex l\u2019invalidit\u00e9 prolong\u00e9e&#8230;).<\/p>\n<p>Une strat\u00e9gie centr\u00e9e sur la rentabilit\u00e9<\/p>\n<p>\nLes chiffres prouvent le succ\u00e8s de la strat\u00e9gie de Zurich\u00a0: se concentrer sur les activit\u00e9s les plus rentables, adapter les tarifs \u00e0 l\u2019\u00e9volution des risques et maintenir une discipline rigoureuse en mati\u00e8re de souscription.<\/p>\n<p>Le groupe recherche une croissance rentable plut\u00f4t qu\u2019une expansion \u00e0 tout prix et estime pouvoir atteindre, voire d\u00e9passer, les objectifs fixes pour la p\u00e9riode 2025-2027.<\/p>\n<p>Des dividendes attractifs pour les investisseurs<\/p>\n<p>\nLa solidit\u00e9 du bilan et la bonne marche des affaires soutiennent la r\u00e9mun\u00e9ration des actionnaires.<\/p>\n<p>Apr\u00e8s un dividende de 30\u00a0CHF brut pour 2025, nous tablons sur 32\u00a0CHF pour 2026 (rendement de 5,4% brut) et 34\u00a0CHF pour 2027 (5,7% brut). Des niveaux attrayants.<\/p>\n<p>Notre avis sur l\u2019action Zurich Insurance<\/p>\n<p>\nL\u2019action n\u2019est pas exempte de risques\u00a0: multiplication des catastrophes naturelles, pression sur les prix, repli des march\u00e9s financiers&#8230;<br \/>Elle est toutefois moins risqu\u00e9e que la moyenne du march\u00e9.<\/p>\n<p>C\u2019est une valeur d\u00e9fensive, int\u00e9ressante pour le dividende, \u00e0 d\u00e9tenir pour le long terme plut\u00f4t que pour une rapide hausse de cours.<\/p>\n<p>Compte tenue en outre de la <a href=\"https:\/\/www.test-achats.be\/invest\/investir\/marches-et-devises\/devises\/articles\/2026\/09\/franc-suisse-evolution\" rel=\"nofollow noopener\" target=\"_blank\">d\u00e9pr\u00e9ciation du franc suisse<\/a>, les actions suisses sont \u00e0 nouveau dignes d\u2019int\u00e9r\u00eat.<br \/>D\u00e8s lors, notre conseil change.<br \/>ACHETEZ.<\/p>\n<p style=\"text-align: right;\">Cours au moment de l\u2019analyse\u00a0: 594,20\u00a0CHF<\/p>\n<p>Zurich Insurance est le premier assureur suisse. Il est actif dans l\u2019assurance dommages (automobile, habitation\u2026.) et l\u2019assurance vie (pension, d\u00e9c\u00e8s\u2026.). Il est pr\u00e9sent en Am\u00e9rique du Nord et du Sud, en Europe, en Asie\u2026<\/p>\n","protected":false},"excerpt":{"rendered":"Le 1er\u00a0semestre a d\u00e9pass\u00e9 nos attentes. Le b\u00e9n\u00e9fice op\u00e9rationnel grimpe de 13% par rapport \u00e0 un\u00a0an plus t\u00f4t,&hellip;\n","protected":false},"author":2,"featured_media":290110,"comment_status":"","ping_status":"","sticky":false,"template":"","format":"standard","meta":{"footnotes":"","_share_on_mastodon":"0"},"categories":[16],"tags":[63189,7217,4854,63187,63191,36742,63188,63190,4405,63192,23,32,4858],"class_list":["post-290109","post","type-post","status-publish","format-standard","has-post-thumbnail","category-zurich","tag-actions-suisses","tag-assurance","tag-assurance-dommages","tag-assurance-vie","tag-bnfice-oprationnel","tag-data-centers","tag-dividende","tag-portefeuille-dfensif","tag-rendement","tag-revenus-rguliers","tag-suisse","tag-zurich","tag-zurich-insurance"],"share_on_mastodon":{"url":"https:\/\/pubeurope.com\/@ch_fr\/117208638398324817","error":""},"_links":{"self":[{"href":"https:\/\/www.europesays.com\/ch-fr\/wp-json\/wp\/v2\/posts\/290109","targetHints":{"allow":["GET"]}}],"collection":[{"href":"https:\/\/www.europesays.com\/ch-fr\/wp-json\/wp\/v2\/posts"}],"about":[{"href":"https:\/\/www.europesays.com\/ch-fr\/wp-json\/wp\/v2\/types\/post"}],"author":[{"embeddable":true,"href":"https:\/\/www.europesays.com\/ch-fr\/wp-json\/wp\/v2\/users\/2"}],"replies":[{"embeddable":true,"href":"https:\/\/www.europesays.com\/ch-fr\/wp-json\/wp\/v2\/comments?post=290109"}],"version-history":[{"count":0,"href":"https:\/\/www.europesays.com\/ch-fr\/wp-json\/wp\/v2\/posts\/290109\/revisions"}],"wp:featuredmedia":[{"embeddable":true,"href":"https:\/\/www.europesays.com\/ch-fr\/wp-json\/wp\/v2\/media\/290110"}],"wp:attachment":[{"href":"https:\/\/www.europesays.com\/ch-fr\/wp-json\/wp\/v2\/media?parent=290109"}],"wp:term":[{"taxonomy":"category","embeddable":true,"href":"https:\/\/www.europesays.com\/ch-fr\/wp-json\/wp\/v2\/categories?post=290109"},{"taxonomy":"post_tag","embeddable":true,"href":"https:\/\/www.europesays.com\/ch-fr\/wp-json\/wp\/v2\/tags?post=290109"}],"curies":[{"name":"wp","href":"https:\/\/api.w.org\/{rel}","templated":true}]}}