{"id":290117,"date":"2026-09-03T19:00:21","date_gmt":"2026-09-03T19:00:21","guid":{"rendered":"https:\/\/www.europesays.com\/ch-fr\/290117\/"},"modified":"2026-09-03T19:00:21","modified_gmt":"2026-09-03T19:00:21","slug":"de-pau-a-netflix-le-rappeur-chaka-monte-en-puissance-avant-son-premier-album","status":"publish","type":"post","link":"https:\/\/www.europesays.com\/ch-fr\/290117\/","title":{"rendered":"De Pau \u00e0 Netflix, le rappeur Chaka monte en puissance avant son premier album"},"content":{"rendered":"<p>            De Carlitos \u00e0 Paris<\/p>\n<p>Un nouveau cap pour cet artiste qui se consacre aujourd\u2019hui enti\u00e8rement au rap. \u00ab\u00a0\u00c0 la base, je faisais \u00e7a pour mes potes\u00a0\u00bb, poursuit Chaka dont l\u2019audience s\u2019est consid\u00e9rablement agrandie depuis. La passion, elle, \u00e9tait d\u00e9j\u00e0 l\u00e0 quand il testait ses premiers sons devant ses potes. Apr\u00e8s un coll\u00e8ge effectu\u00e9 \u00e0 Saint-Do et \u00e0 Saint-Maur, il prend la direction de Saint-Cricq pour son lyc\u00e9e. L\u00e0 encore, le jeune gar\u00e7on qui a grandi \u00e0 Carlitos, n\u2019a pas peur de monter sur sc\u00e8ne. C\u2019est ce qu\u2019il fait lors d\u2019une f\u00eate de fin d\u2019ann\u00e9e, micro en main. C\u2019est le d\u00e9clic.<\/p>\n<p>\u00ab\u00a0Voir tout le lyc\u00e9e m\u2019\u00e9couter, \u00e7a a \u00e9t\u00e9 le premier d\u00e9clencheur, je me suis dit qu\u2019il y avait un truc\u00a0\u00bb. Rapidement, Chaka cultive ce talent qui l\u2019am\u00e8ne alors aux quatre coins de la ville. \u00ab\u00a0J\u2019allais dans tous les endroits o\u00f9 je pouvais rapper\u00a0\u00bb. Quelques mois plus tard, il d\u00e9m\u00e9nage \u00e0 Paris o\u00f9 il continue de d\u00e9velopper son art tout en se constituant un joli carnet d\u2019adresses. \u00ab\u00a0J\u2019ai pu rencontrer beaucoup de monde\u00a0\u00bb, souligne l\u2019artiste qui sort un premier clip en 2019. <\/p>\n<p>        <img decoding=\"async\" id=\"30455945\" src=\"https:\/\/www.europesays.com\/ch-fr\/wp-content\/uploads\/2026\/09\/photo-1-credit-dollzy.jpg\" alt=\"Chaka fait partie du casting de la 5e saison de \u00abNouvelle \u00c9cole\u00bb sur Netflix.  \" itemprop=\"contentURL\"\/><\/p>\n<p>    Chaka fait partie du casting de la 5e saison de \u00abNouvelle \u00c9cole\u00bb sur Netflix.  <\/p>\n<p>Dollzy<\/p>\n<p>De fil en aiguille, il se fait conna\u00eetre et s\u2019ouvre des portes. On le retrouve m\u00eame au casting du film \u00ab\u00a0Nos C\u00e9r\u00e9monies\u00a0\u00bb de Simon Rieth, qui a \u00e9t\u00e9 pr\u00e9sent\u00e9 \u00e0 la Semaine de la critique du Festival de Cannes en 2022. Il participe aussi \u00e0 l\u2019\u00e9criture de textes pour la derni\u00e8re saison de la s\u00e9rie \u00ab\u00a0Valid\u00e9\u00a0\u00bb sur Canal+\u00a0tout en poursuivant sa carri\u00e8re musicale avec plusieurs singles comme \u00ab\u00a0Loup\u00a0\u00bb, \u00ab\u00a0Ghetto Gyal\u00a0\u00bb ou encore \u00ab\u00a0Carter\u00a0\u00bb.<\/p>\n<p>Il y a quelques mois, sa carri\u00e8re conna\u00eet un coup d\u2019acc\u00e9l\u00e9rateur quand il est approch\u00e9 par Netflix pour int\u00e9grer la saison 5 de \u00ab\u00a0Nouvelle \u00c9cole\u00a0\u00bb, un concours de rap fa\u00e7on t\u00e9l\u00e9-r\u00e9alit\u00e9 o\u00f9 de jeunes talents s\u2019affrontent devant un jury de stars du hip-hop. Cette ann\u00e9e Theodora et Oli ont remplac\u00e9 Aya Nakamura et SCH. Et si l\u2019aventure s\u2019est vite arr\u00eat\u00e9e pour Chaka, l\u2019exp\u00e9rience a \u00e9t\u00e9 tr\u00e8s riche. \u00ab\u00a0Je repars avec beaucoup d\u2019enseignements\u00a0\u00bb, se r\u00e9jouit Chaka qui a eu l\u2019occasion de croiser de nombreux artistes confirm\u00e9s.<\/p>\n<p>Un clip de haut vol<\/p>\n<p>Son autre actualit\u00e9 est la sortie prochaine de son premier album, programm\u00e9e le 6\u00a0novembre. Elle s\u2019accompagne de la sortie de \u00ab\u00a0D\u00e9lit de faci\u00e8s\u00a0\u00bb, enregistr\u00e9 en duo avec Stavo, un membre embl\u00e9matique du groupe de rap 13 Block. \u00ab\u00a0J\u2019avais une grosse pression de faire ce feat, il fallait \u00eatre \u00e0 la hauteur\u00a0\u00bb, souligne Chaka, heureux du r\u00e9sultat. \u00ab\u00a0On a eu de tr\u00e8s bons retours\u00a0\u00bb, poursuit le rappeur. L\u2019accueil est plus enthousiaste encore pour le clip qui a suivi. R\u00e9alis\u00e9 par le collectif Kamerameha, \u00e0 qui l\u2019on doit plusieurs visuels embl\u00e9matiques de PNL, ce clip confirme le changement de dimension du rappeur palois. Et confirme ce que ses camarades d\u2019\u00e9cole ont pressenti il y a d\u00e9j\u00e0 bien longtemps. <\/p>\n","protected":false},"excerpt":{"rendered":"De Carlitos \u00e0 Paris Un nouveau cap pour cet artiste qui se consacre aujourd\u2019hui enti\u00e8rement au rap. \u00ab\u00a0\u00c0&hellip;\n","protected":false},"author":2,"featured_media":290118,"comment_status":"","ping_status":"","sticky":false,"template":"","format":"standard","meta":{"footnotes":"","_share_on_mastodon":"0"},"categories":[12],"tags":[113,112,140,141,23],"class_list":["post-290117","post","type-post","status-publish","format-standard","has-post-thumbnail","category-musique","tag-divertissement","tag-entertainment","tag-music","tag-musique","tag-suisse"],"share_on_mastodon":{"url":"https:\/\/pubeurope.com\/@ch_fr\/117208654064144952","error":""},"_links":{"self":[{"href":"https:\/\/www.europesays.com\/ch-fr\/wp-json\/wp\/v2\/posts\/290117","targetHints":{"allow":["GET"]}}],"collection":[{"href":"https:\/\/www.europesays.com\/ch-fr\/wp-json\/wp\/v2\/posts"}],"about":[{"href":"https:\/\/www.europesays.com\/ch-fr\/wp-json\/wp\/v2\/types\/post"}],"author":[{"embeddable":true,"href":"https:\/\/www.europesays.com\/ch-fr\/wp-json\/wp\/v2\/users\/2"}],"replies":[{"embeddable":true,"href":"https:\/\/www.europesays.com\/ch-fr\/wp-json\/wp\/v2\/comments?post=290117"}],"version-history":[{"count":0,"href":"https:\/\/www.europesays.com\/ch-fr\/wp-json\/wp\/v2\/posts\/290117\/revisions"}],"wp:featuredmedia":[{"embeddable":true,"href":"https:\/\/www.europesays.com\/ch-fr\/wp-json\/wp\/v2\/media\/290118"}],"wp:attachment":[{"href":"https:\/\/www.europesays.com\/ch-fr\/wp-json\/wp\/v2\/media?parent=290117"}],"wp:term":[{"taxonomy":"category","embeddable":true,"href":"https:\/\/www.europesays.com\/ch-fr\/wp-json\/wp\/v2\/categories?post=290117"},{"taxonomy":"post_tag","embeddable":true,"href":"https:\/\/www.europesays.com\/ch-fr\/wp-json\/wp\/v2\/tags?post=290117"}],"curies":[{"name":"wp","href":"https:\/\/api.w.org\/{rel}","templated":true}]}}