{"id":290123,"date":"2026-09-03T19:03:13","date_gmt":"2026-09-03T19:03:13","guid":{"rendered":"https:\/\/www.europesays.com\/ch-fr\/290123\/"},"modified":"2026-09-03T19:03:13","modified_gmt":"2026-09-03T19:03:13","slug":"grippe-le-vaccin-reduirait-de-80-le-risque-de-deces-chez-les-enfants-selon-une-etude","status":"publish","type":"post","link":"https:\/\/www.europesays.com\/ch-fr\/290123\/","title":{"rendered":"Grippe : le vaccin r\u00e9duirait de 80 % le risque de d\u00e9c\u00e8s chez les enfants, selon une \u00e9tude"},"content":{"rendered":"<p class=\"mb-4 text-lg md:leading-8 break-words\">La grippe est souvent consid\u00e9r\u00e9e comme une infection saisonni\u00e8re d\u00e9sagr\u00e9able, mais sans grand danger pour les plus jeunes. Elle peut pourtant provoquer des complications graves, comme une pneumonie, une d\u00e9tresse respiratoire ou une inflammation du cerveau. Dans de rares cas, elle peut aussi entra\u00eener la mort d&rsquo;un enfant jusque-l\u00e0 en bonne sant\u00e9. Une \u00e9tude publi\u00e9e en juillet 2026 dans la revue scientifique Pediatrics apporte de nouvelles donn\u00e9es sur l&rsquo;efficacit\u00e9 de la vaccination contre ces formes les plus s\u00e9v\u00e8res. D&rsquo;apr\u00e8s les chercheurs, le vaccin contre la grippe \u00e9tait associ\u00e9 \u00e0 une diminution de 80 % du risque de d\u00e9c\u00e8s chez les enfants et les adolescents \u00e9tudi\u00e9s.<\/p>\n<p>Plus de 1 200 d\u00e9c\u00e8s p\u00e9diatriques analys\u00e9s<\/p>\n<p class=\"mb-4 text-lg md:leading-8 break-words\">Les scientifiques ont examin\u00e9 les donn\u00e9es enregistr\u00e9es aux \u00c9tats-Unis entre ao\u00fbt 2016 et juillet 2025. Leur travail porte sur huit saisons grippales, celle de 2020-2021 ayant \u00e9t\u00e9 \u00e9cart\u00e9e en raison de la circulation exceptionnellement faible du virus pendant la pand\u00e9mie de Covid-19. Au total, 1 234 d\u00e9c\u00e8s li\u00e9s \u00e0 une grippe confirm\u00e9e en laboratoire ont \u00e9t\u00e9 recens\u00e9s chez des enfants \u00e2g\u00e9s de 6 mois \u00e0 17 ans. Les informations concernant la vaccination \u00e9taient disponibles pour 1 086 d&rsquo;entre eux. Parmi ces jeunes victimes, 530 pr\u00e9sentaient au moins une maladie ou un facteur de risque connu. Les 556 autres n&rsquo;avaient aucune pathologie particuli\u00e8re identifi\u00e9e. Cette r\u00e9partition rappelle que les formes dramatiques ne concernent pas uniquement les enfants fragiles.<\/p>\n<p class=\"mb-4 text-lg md:leading-8 break-words\">&#8230;<\/p>\n<p class=\"mb-4 text-lg md:leading-8 break-words\"><a data-ylk=\"slk:Lire la suite;elm:context_link;itc:0;sec:content-canvas;\" data-yga=\"{&quot;yLinkElement&quot;:&quot;link&quot;,&quot;yLinkElementType&quot;:&quot;article_link&quot;}\" href=\"https:\/\/www.parents.fr\/actualites\/enfant\/grippe-le-vaccin-reduirait-de-80-le-risque-de-deces-chez-les-enfants-selon-une-etude-1156500#at_medium=affiliate&amp;at_campaign=flux_rss&amp;at_type=Yahoo\" rel=\"noopener noreferrer nofollow\" target=\"_blank\">Lire la suite<\/a><\/p>\n","protected":false},"excerpt":{"rendered":"La grippe est souvent consid\u00e9r\u00e9e comme une infection saisonni\u00e8re d\u00e9sagr\u00e9able, mais sans grand danger pour les plus jeunes.&hellip;\n","protected":false},"author":2,"featured_media":290124,"comment_status":"","ping_status":"","sticky":false,"template":"","format":"standard","meta":{"footnotes":"","_share_on_mastodon":"0"},"categories":[9],"tags":[63200,63198,63199,63197,63201,1795,63195,15311,83,15862,63196,84,23],"class_list":["post-290123","post","type-post","status-publish","format-standard","has-post-thumbnail","category-sante","tag-1-200","tag-chez-des-enfants-ages-de-6-mois-a-17-ans","tag-consideree-comme-une","tag-contre-ces-formes-les","tag-dans-de-rares-cas","tag-deces","tag-deces-lies-a-une","tag-elle","tag-health","tag-jeunes","tag-les-informations-concernant-la","tag-sante","tag-suisse"],"share_on_mastodon":{"url":"https:\/\/pubeurope.com\/@ch_fr\/117208665804404776","error":""},"_links":{"self":[{"href":"https:\/\/www.europesays.com\/ch-fr\/wp-json\/wp\/v2\/posts\/290123","targetHints":{"allow":["GET"]}}],"collection":[{"href":"https:\/\/www.europesays.com\/ch-fr\/wp-json\/wp\/v2\/posts"}],"about":[{"href":"https:\/\/www.europesays.com\/ch-fr\/wp-json\/wp\/v2\/types\/post"}],"author":[{"embeddable":true,"href":"https:\/\/www.europesays.com\/ch-fr\/wp-json\/wp\/v2\/users\/2"}],"replies":[{"embeddable":true,"href":"https:\/\/www.europesays.com\/ch-fr\/wp-json\/wp\/v2\/comments?post=290123"}],"version-history":[{"count":0,"href":"https:\/\/www.europesays.com\/ch-fr\/wp-json\/wp\/v2\/posts\/290123\/revisions"}],"wp:featuredmedia":[{"embeddable":true,"href":"https:\/\/www.europesays.com\/ch-fr\/wp-json\/wp\/v2\/media\/290124"}],"wp:attachment":[{"href":"https:\/\/www.europesays.com\/ch-fr\/wp-json\/wp\/v2\/media?parent=290123"}],"wp:term":[{"taxonomy":"category","embeddable":true,"href":"https:\/\/www.europesays.com\/ch-fr\/wp-json\/wp\/v2\/categories?post=290123"},{"taxonomy":"post_tag","embeddable":true,"href":"https:\/\/www.europesays.com\/ch-fr\/wp-json\/wp\/v2\/tags?post=290123"}],"curies":[{"name":"wp","href":"https:\/\/api.w.org\/{rel}","templated":true}]}}