{"id":290125,"date":"2026-09-03T19:04:10","date_gmt":"2026-09-03T19:04:10","guid":{"rendered":"https:\/\/www.europesays.com\/ch-fr\/290125\/"},"modified":"2026-09-03T19:04:10","modified_gmt":"2026-09-03T19:04:10","slug":"felix-auger-aliassime-4e-mondial-sorti-des-le-2e-tour-de-lus-open-par-karen-khachanov-lequipe","status":"publish","type":"post","link":"https:\/\/www.europesays.com\/ch-fr\/290125\/","title":{"rendered":"F\u00e9lix Auger-Aliassime, 4e mondial, sorti d\u00e8s le 2e tour de l&#039;US Open par Karen Khachanov &#8211; L&#039;\u00c9quipe"},"content":{"rendered":"<p><a href=\"https:\/\/news.google.com\/rss\/articles\/CBMi0AFBVV95cUxOYlJkV3ZxUVhTckhVRkh5ejVBdzVQOTdPNk1wR3NZYVFIVXRlUjRGSTR0RzlRVEMya2ZpMElZV0ZsQ0ZSRUlGeWZuRHgtS1Y4QlNyRmlIdnBZcDRYTUozQjBjNGtaSXZtWTJwaWRaSDJ0bnhJS1pjblprTlZNcTVRMDR4c1ZjakROVW5BRTNhWm1ZNzh6V3NvSWhrRGdpdjNVQ2pjNndMUTEwT25ZczBFYmN5Z2dMQ29PakI0SU9QMld6VGNSZVFLaXd6eWZWUHd2?oc=5\" target=\"_blank\" rel=\"nofollow noopener\">F\u00e9lix Auger-Aliassime, 4e mondial, sorti d\u00e8s le 2e tour de l&rsquo;US Open par Karen Khachanov<\/a>&nbsp;&nbsp;L&rsquo;\u00c9quipe<a href=\"https:\/\/news.google.com\/rss\/articles\/CBMizgFBVV95cUxQdGd1OVJxajVyTXphdVJUeWhjNFo3Q01iYzZlQ1ZqQVpQd2JfUlJjbldKRGVrejVCc255YVc2cTRScnp2ZnpwU0FZczdHZ3pBQ3FCS3Z5aFNEbktTT0FobUNJN0JUR0hXTkYtX190a3Vuay1PUmRPa3ZWc09oMU1heEMwTm5OMjRiNXBvcURxaWswVTlCbFJES3J3LTItSkZFZ1IzdlJweWoxZ0lXRkEybVBaeHdSVnR3M2hBVUdFR2taUm1nRnh2NTk0ZXRDZw?oc=5\" target=\"_blank\" rel=\"nofollow noopener\">Internationaux des \u00c9tats-Unis | F\u00e9lix Auger-Aliassime \u00e9limin\u00e9 d\u00e8s le deuxi\u00e8me tour<\/a>&nbsp;&nbsp;La Presse<a href=\"https:\/\/news.google.com\/rss\/articles\/CBMiqgFBVV95cUxOTWt5OW90V3pxV1paaDhFUUhCWmdtNzdnXzN3VlJZSzRiVTk4ZnVPYlpPczJub2M1ajFHN293RExxY3lETUpPeGJVV2ZBRXlfYTJqdktfTk14a3BBd1h6bElMeTlzejBlQTZEYWxNRi11QjE2RGVrMF9fLUtIeFVDQTVRbjJPekpXSDVCa2NFQjB0NzMyYlF3Z25ZdTh6NjZTT2Z4V3gzc05uZw?oc=5\" target=\"_blank\" rel=\"nofollow noopener\">Le Qu\u00e9b\u00e9cois F\u00e9lix Auger-Aliassime est \u00e9limin\u00e9 au deuxi\u00e8me tour \u00e0 New York<\/a>&nbsp;&nbsp;Le Devoir<a href=\"https:\/\/news.google.com\/rss\/articles\/CBMi0gFBVV95cUxNOFZtVUZTN1Q1dGROR29aUkUtdThuVUN1bGxnZlRCazJ2WjVxX19EZUxvMXppN3RLUV9ubVMtVHhOMUd1S3k0RjNiY0l5R1BQbVk3bkMwbGY1bXV3ZlAtemJZZndSYzc3cm5IZTZBYlVFYW9mUG0yMVRSODZCZTkzdXRtd19ORUNNMy1ZNWk3RHJ0YXBtdV9XSWtvLXRodF83bW1vN3dTWTVYZ1VxVFhoQjBBVk9Dc0l0YkZ2ZzdOYlNvV21KaERfdTF6NGgxZmxwRUE?oc=5\" target=\"_blank\" rel=\"nofollow noopener\">F\u00e9lix Auger-Aliassime supplant\u00e9 par les chouchous des Am\u00e9ricains pour sa rentr\u00e9e \u00e0 l&rsquo;US Open<\/a>&nbsp;&nbsp;Le Journal de Montr\u00e9al<a href=\"https:\/\/news.google.com\/rss\/articles\/CBMihgFBVV95cUxNVXFQSGFLdG9udXRVaEVkSjFaWXFpUV85Z3ZUcmVqQ09wc0EyS0JVc0U1QnRqanZldXRKMDFQNGNxY1dVQTk3ZEx2NlZHVHctcXAyYk1Ock1UVEJFNHR5aXo4TmZ4YnRsUmZ1bGlINVJKX2ZMclNON05JLTllY1J2dlZHVFNhZw?oc=5\" target=\"_blank\" rel=\"nofollow noopener\">F\u00e9lix Auger-Aliassime \u00e9limin\u00e9 au 2e tour \u00e0 Flushing Meadows<\/a>&nbsp;&nbsp;Radio-Canada<\/p>\n","protected":false},"excerpt":{"rendered":"F\u00e9lix Auger-Aliassime, 4e mondial, sorti d\u00e8s le 2e tour de l&rsquo;US Open par Karen Khachanov&nbsp;&nbsp;L&rsquo;\u00c9quipeInternationaux des \u00c9tats-Unis |&hellip;\n","protected":false},"author":2,"featured_media":290126,"comment_status":"","ping_status":"","sticky":false,"template":"","format":"standard","meta":{"footnotes":"","_share_on_mastodon":"0"},"categories":[8],"tags":[34011,17521,75,23,4344,42963],"class_list":["post-290125","post","type-post","status-publish","format-standard","has-post-thumbnail","category-sports","tag-david-loriot","tag-resumes-et-cr","tag-sports","tag-suisse","tag-tennis","tag-us-open"],"share_on_mastodon":{"url":"https:\/\/pubeurope.com\/@ch_fr\/117208669910021758","error":""},"_links":{"self":[{"href":"https:\/\/www.europesays.com\/ch-fr\/wp-json\/wp\/v2\/posts\/290125","targetHints":{"allow":["GET"]}}],"collection":[{"href":"https:\/\/www.europesays.com\/ch-fr\/wp-json\/wp\/v2\/posts"}],"about":[{"href":"https:\/\/www.europesays.com\/ch-fr\/wp-json\/wp\/v2\/types\/post"}],"author":[{"embeddable":true,"href":"https:\/\/www.europesays.com\/ch-fr\/wp-json\/wp\/v2\/users\/2"}],"replies":[{"embeddable":true,"href":"https:\/\/www.europesays.com\/ch-fr\/wp-json\/wp\/v2\/comments?post=290125"}],"version-history":[{"count":0,"href":"https:\/\/www.europesays.com\/ch-fr\/wp-json\/wp\/v2\/posts\/290125\/revisions"}],"wp:featuredmedia":[{"embeddable":true,"href":"https:\/\/www.europesays.com\/ch-fr\/wp-json\/wp\/v2\/media\/290126"}],"wp:attachment":[{"href":"https:\/\/www.europesays.com\/ch-fr\/wp-json\/wp\/v2\/media?parent=290125"}],"wp:term":[{"taxonomy":"category","embeddable":true,"href":"https:\/\/www.europesays.com\/ch-fr\/wp-json\/wp\/v2\/categories?post=290125"},{"taxonomy":"post_tag","embeddable":true,"href":"https:\/\/www.europesays.com\/ch-fr\/wp-json\/wp\/v2\/tags?post=290125"}],"curies":[{"name":"wp","href":"https:\/\/api.w.org\/{rel}","templated":true}]}}