{"id":290135,"date":"2026-09-03T19:09:15","date_gmt":"2026-09-03T19:09:15","guid":{"rendered":"https:\/\/www.europesays.com\/ch-fr\/290135\/"},"modified":"2026-09-03T19:09:15","modified_gmt":"2026-09-03T19:09:15","slug":"fribourg-gotteron-simpose-a-graz-en-chl","status":"publish","type":"post","link":"https:\/\/www.europesays.com\/ch-fr\/290135\/","title":{"rendered":"Fribourg-Gott\u00e9ron s&rsquo;impose \u00e0 Graz en CHL"},"content":{"rendered":"<p class=\"wysiwyg-h2\">Fribourg-Gott\u00e9ron a entam\u00e9 la saison 2026\/27 comme il avait boucl\u00e9 la pr\u00e9c\u00e9dente: sur un succ\u00e8s.<\/p>\n<p>Le champion de Suisse en titre est all\u00e9 s&rsquo;imposer 4-2 \u00e0 Graz jeudi soir lors de la 1re journ\u00e9e de la Champions Hockey League.<\/p>\n<p>Tout s&rsquo;est jou\u00e9 dans les sept derni\u00e8res minutes de jeu sur la glace du champion d&rsquo;Autriche. Et le coach de Fribourg-Gott\u00e9ron Roger R\u00f6nnberg a pu constater que son nouvel attaquant Anthony Richard savait se montrer efficace devant le but adverse. Et que son nouveau gardien titulaire Ludovic Waeber (95% d&rsquo;arr\u00eats) tenait la forme.<\/p>\n<p>Anthony Richard s&rsquo;est fait l&rsquo;auteur d&rsquo;un doubl\u00e9. Il a inscrit le 3-1 \u00e0 la 55e, profitant d&rsquo;un service de Marcus S\u00f6rensen, avant de sceller le score dans une cage vide \u00e0 55\u00a0\u00bb de la fin du temps r\u00e9glementaire. Les Graz 99ers avaient repris espoir en revenant \u00e0 3-2 \u00e0 1&rsquo;04 de la fin, apr\u00e8s avoir sorti leur gardien.<\/p>\n<p>Gott\u00e9ron, qui jouera son deuxi\u00e8me match en Autriche \u00e9galement (samedi \u00e0 Klagenfurt), n&rsquo;a jamais \u00e9t\u00e9 men\u00e9 dans cette partie. Lucas Hedlund a ouvert la marque apr\u00e8s 3&rsquo;59, Graz \u00e9galisant en &lsquo;powerplay&rsquo; \u00e0 la 20e. Et c&rsquo;est Yannick Rathgeb qui a inscrit le 2-1, d&rsquo;un missile de la ligne bleue \u00e0 la 54e, 39\u00a0\u00bb avant le 3-1 de Richard.<\/p>\n<p> \/ATS<\/p>\n","protected":false},"excerpt":{"rendered":"Fribourg-Gott\u00e9ron a entam\u00e9 la saison 2026\/27 comme il avait boucl\u00e9 la pr\u00e9c\u00e9dente: sur un succ\u00e8s. Le champion de&hellip;\n","protected":false},"author":2,"featured_media":290136,"comment_status":"","ping_status":"","sticky":false,"template":"","format":"standard","meta":{"footnotes":"","_share_on_mastodon":"0"},"categories":[4],"tags":[22,121,124,128,119,122,123,118,136,132,131,133,130,21,135,120,126,117,125,114,115,116,23,129,127,134],"class_list":["post-290135","post","type-post","status-publish","format-standard","has-post-thumbnail","category-actualites","tag-actualites","tag-ajoie","tag-animation","tag-bienne","tag-delemont","tag-franches-montagnes","tag-frequence","tag-jura","tag-jura-bernois","tag-la-chaux-de-fonds","tag-moutier","tag-neuchatel","tag-neuveville","tag-news","tag-payerne","tag-porrentruy","tag-publicite","tag-radio","tag-redaction","tag-rfj","tag-rjb","tag-rtn","tag-suisse","tag-tavannes","tag-vallon-de-st-imier","tag-yverdon"],"share_on_mastodon":{"url":"https:\/\/pubeurope.com\/@ch_fr\/117208689072876826","error":""},"_links":{"self":[{"href":"https:\/\/www.europesays.com\/ch-fr\/wp-json\/wp\/v2\/posts\/290135","targetHints":{"allow":["GET"]}}],"collection":[{"href":"https:\/\/www.europesays.com\/ch-fr\/wp-json\/wp\/v2\/posts"}],"about":[{"href":"https:\/\/www.europesays.com\/ch-fr\/wp-json\/wp\/v2\/types\/post"}],"author":[{"embeddable":true,"href":"https:\/\/www.europesays.com\/ch-fr\/wp-json\/wp\/v2\/users\/2"}],"replies":[{"embeddable":true,"href":"https:\/\/www.europesays.com\/ch-fr\/wp-json\/wp\/v2\/comments?post=290135"}],"version-history":[{"count":0,"href":"https:\/\/www.europesays.com\/ch-fr\/wp-json\/wp\/v2\/posts\/290135\/revisions"}],"wp:featuredmedia":[{"embeddable":true,"href":"https:\/\/www.europesays.com\/ch-fr\/wp-json\/wp\/v2\/media\/290136"}],"wp:attachment":[{"href":"https:\/\/www.europesays.com\/ch-fr\/wp-json\/wp\/v2\/media?parent=290135"}],"wp:term":[{"taxonomy":"category","embeddable":true,"href":"https:\/\/www.europesays.com\/ch-fr\/wp-json\/wp\/v2\/categories?post=290135"},{"taxonomy":"post_tag","embeddable":true,"href":"https:\/\/www.europesays.com\/ch-fr\/wp-json\/wp\/v2\/tags?post=290135"}],"curies":[{"name":"wp","href":"https:\/\/api.w.org\/{rel}","templated":true}]}}