{"id":290159,"date":"2026-09-03T19:26:11","date_gmt":"2026-09-03T19:26:11","guid":{"rendered":"https:\/\/www.europesays.com\/ch-fr\/290159\/"},"modified":"2026-09-03T19:26:11","modified_gmt":"2026-09-03T19:26:11","slug":"un-vol-swiss-zurich-new-york-atterrit-durgence-a-terre-neuve","status":"publish","type":"post","link":"https:\/\/www.europesays.com\/ch-fr\/290159\/","title":{"rendered":"Un vol Swiss Zurich-New York atterrit d&rsquo;urgence \u00e0 Terre-Neuve"},"content":{"rendered":"<p>Un avion de Swiss reliant Zurich \u00e0 New York a d\u00fb effectuer un atterrissage d&rsquo;urgence jeudi soir \u00e0 St. Johns, \u00e0 Terre-Neuve, selon les donn\u00e9es du portail Flightradar24.<\/p>\n<p>Au-dessus de l&rsquo;Atlantique Nord, l&rsquo;\u00e9quipage du vol LX14 a transmis le code 7700. Celui-ci correspond \u00e0 une situation d&rsquo;urgence g\u00e9n\u00e9rale. Les raisons de cet atterrissage impr\u00e9vu restent encore floues, selon des informations du <a href=\"https:\/\/www.blick.ch\/ausland\/landung-in-neufundland-swiss-maschine-nach-new-york-setzt-notruf-ueber-atlantik-ab-id22232116.html\" class=\"inline-link\" data-item-id=\"richtext_link\" data-rts-ece-id=\"bd8f2bfe-79ca-3974-b2c0-5df60945fd49\" target=\"_blank\" rel=\"noopener nofollow\">Blick<\/a>.<\/p>\n<p>Le code 7700 n&rsquo;est pas d\u00e9fini de mani\u00e8re d\u00e9taill\u00e9e. Il peut d\u00e9signer, par exemple, une urgence m\u00e9dicale, un manque de carburant, une d\u00e9faillance technique ou tout autre incident similaire. Le code 7700 ne signifie pas automatiquement qu&rsquo;il s&rsquo;agit d&rsquo;un atterrissage d&rsquo;urgence.<\/p>\n<p>Cet atterrissage intervient quelques jours \u00e0 peine apr\u00e8s un autre impr\u00e9vu lors d&rsquo;un vol Swiss reliant Chicago \u00e0 Zurich. L&rsquo;appareil avait d\u00fb se rabattre sur les A\u00e7ores. Une odeur \u00e2cre dans l&rsquo;avion en \u00e9tait la cause. Six personnes avaient fait l&rsquo;objet d&rsquo;un examen m\u00e9dical.<\/p>\n<p>&gt;&gt; Relire\u00a0: <a href=\"https:\/\/www.rts.ch\/info\/monde\/2026\/article\/swiss-un-vol-chicago-zurich-se-pose-en-urgence-aux-acores-29337403.html\" data-item-id=\"richtext_link\" rel=\"nofollow noopener\" target=\"_blank\">Un vol Chicago-Zurich de Swiss se pose en urgence aux A\u00e7ores \u00e0 cause d&rsquo;une odeur \u00e2cre \u00e0 bord<\/a><\/p>\n<p class=\"sources\">lan<\/p>\n","protected":false},"excerpt":{"rendered":"Un avion de Swiss reliant Zurich \u00e0 New York a d\u00fb effectuer un atterrissage d&rsquo;urgence jeudi soir \u00e0&hellip;\n","protected":false},"author":2,"featured_media":290160,"comment_status":"","ping_status":"","sticky":false,"template":"","format":"standard","meta":{"footnotes":"","_share_on_mastodon":"0"},"categories":[6],"tags":[27,1659,45,1501,44,344,43,63202,2895,23752,23,2767,63203,2134,956,8661,32],"class_list":["post-290159","post","type-post","status-publish","format-standard","has-post-thumbnail","category-economie","tag-accident","tag-avion","tag-business","tag-desastres-et-accidents","tag-economie","tag-economie-et-finances","tag-economy","tag-flightradar24","tag-new-york","tag-stone","tag-suisse","tag-swiss-international-air-lines","tag-terre-neuve","tag-transport-aerien","tag-transports","tag-urgence","tag-zurich"],"share_on_mastodon":{"url":"https:\/\/pubeurope.com\/@ch_fr\/117208756459323250","error":""},"_links":{"self":[{"href":"https:\/\/www.europesays.com\/ch-fr\/wp-json\/wp\/v2\/posts\/290159","targetHints":{"allow":["GET"]}}],"collection":[{"href":"https:\/\/www.europesays.com\/ch-fr\/wp-json\/wp\/v2\/posts"}],"about":[{"href":"https:\/\/www.europesays.com\/ch-fr\/wp-json\/wp\/v2\/types\/post"}],"author":[{"embeddable":true,"href":"https:\/\/www.europesays.com\/ch-fr\/wp-json\/wp\/v2\/users\/2"}],"replies":[{"embeddable":true,"href":"https:\/\/www.europesays.com\/ch-fr\/wp-json\/wp\/v2\/comments?post=290159"}],"version-history":[{"count":0,"href":"https:\/\/www.europesays.com\/ch-fr\/wp-json\/wp\/v2\/posts\/290159\/revisions"}],"wp:featuredmedia":[{"embeddable":true,"href":"https:\/\/www.europesays.com\/ch-fr\/wp-json\/wp\/v2\/media\/290160"}],"wp:attachment":[{"href":"https:\/\/www.europesays.com\/ch-fr\/wp-json\/wp\/v2\/media?parent=290159"}],"wp:term":[{"taxonomy":"category","embeddable":true,"href":"https:\/\/www.europesays.com\/ch-fr\/wp-json\/wp\/v2\/categories?post=290159"},{"taxonomy":"post_tag","embeddable":true,"href":"https:\/\/www.europesays.com\/ch-fr\/wp-json\/wp\/v2\/tags?post=290159"}],"curies":[{"name":"wp","href":"https:\/\/api.w.org\/{rel}","templated":true}]}}