{"id":290177,"date":"2026-09-03T19:41:26","date_gmt":"2026-09-03T19:41:26","guid":{"rendered":"https:\/\/www.europesays.com\/ch-fr\/290177\/"},"modified":"2026-09-03T19:41:26","modified_gmt":"2026-09-03T19:41:26","slug":"face-aux-avis-negatifs-sur-internet-des-restaurateurs-ont-trouve-la-formule-du-rap-dans-un-clip-video-devenu-viral-franceinfo","status":"publish","type":"post","link":"https:\/\/www.europesays.com\/ch-fr\/290177\/","title":{"rendered":"Face aux avis n\u00e9gatifs sur internet, des restaurateurs ont trouv\u00e9 la formule : du rap, dans un clip vid\u00e9o devenu viral \u2013 franceinfo"},"content":{"rendered":"<p>\n  Un rap pour r\u00e9pondre \u00e0 chaque critique n\u00e9gative sur les r\u00e9seaux, c&rsquo;est l&rsquo;id\u00e9e de restaurateurs dans le Finist\u00e8re, car les avis n\u00e9gatifs peuvent parfois peser sur le moral. Les professionnels ont m\u00eame pris soin de mijoter un clip pour accompagner leurs rimes.\n<\/p>\n<p>Ce texte correspond \u00e0 une partie de la retranscription du reportage ci-dessus. Cliquez sur la vid\u00e9o pour la regarder dans son int\u00e9gralit\u00e9.<\/p>\n<p>Au menu du Bar \u00e0 poissons ce midi, de l&rsquo;espadon : le restaurant a ouvert en juin dernier, dans le Finist\u00e8re. Depuis, les avis fleurissent sur Internet. Les critiques sont excellentes, mais ternies par quelques-unes auxquelles l&rsquo;\u00e9quipe a d\u00e9cid\u00e9 de <a href=\"https:\/\/france3-regions.franceinfo.fr\/bretagne\/finistere\/c-est-une-minorite-qui-peut-faire-tres-mal-ces-restaurateurs-poussent-un-coup-de-gueule-contre-les-avis-google-3410300.html\" target=\"_self\" rel=\"noopener noreferrer nofollow\" data-tooltip-url=\"https:\/\/france3-regions.franceinfo.fr\/bretagne\/finistere\/c-est-une-minorite-qui-peut-faire-tres-mal-ces-restaurateurs-poussent-un-coup-de-gueule-contre-les-avis-google-3410300.html\">r\u00e9pondre en chanson<\/a>. Et le message passe, pour preuve, la vid\u00e9o cumule des centaines de milliers de vues. \u00ab\u00a0Une \u00e9toile, c&rsquo;est comme un poignard\u00a0\u00bb, chantent-ils, notamment, avec beaucoup de d\u00e9rision.<\/p>\n<p>\u00ab\u00a0Quand on re\u00e7oit des mauvais avis, par rapport au nombre d&rsquo;\u00e9toiles, \u00e7a fait mal parce qu&rsquo;on met du c\u0153ur \u00e0 l&rsquo;ouvrage\u00a0\u00bb, confie Sophia Nevo, serveuse du \u00ab\u00a0Bar \u00e0 poissons\u00a0\u00bb. Car la guerre aux \u00e9toiles est un v\u00e9ritable enjeu pour les restaurateurs. Pour se d\u00e9marquer au milieu de l&rsquo;offre, une note faible peut peser lourd. \u00ab\u00a0Qu&rsquo;on le veuille ou non, la dictature des avis sur Internet, on y est soumis et donc il y a beaucoup de gens encore qui regardent les avis\u00a0\u00bb, souligne Baptiste Fr\u00e9rot, g\u00e9rant du restaurant.<\/p>\n<p>Heureusement pour le restaurant, les bonnes notes sont majoritaires, de quoi rassurer les clients. \u00ab\u00a0Je regarde les notes, les notes g\u00e9n\u00e9rales et apr\u00e8s les avis si vraiment j&rsquo;h\u00e9site entre plusieurs restaurants. Au-dessus de quatre, je me dis c&rsquo;est correct\u00a0\u00bb, explique une cliente.<\/p>\n<p>Pour le restaurant, c&rsquo;est un premier \u00e9t\u00e9 prometteur qui s&rsquo;ach\u00e8ve. Des services \u00e0 plusieurs centaines de couverts et d\u00e9j\u00e0 des habitu\u00e9s.<\/p>\n","protected":false},"excerpt":{"rendered":"Un rap pour r\u00e9pondre \u00e0 chaque critique n\u00e9gative sur les r\u00e9seaux, c&rsquo;est l&rsquo;id\u00e9e de restaurateurs dans le Finist\u00e8re,&hellip;\n","protected":false},"author":2,"featured_media":290178,"comment_status":"","ping_status":"","sticky":false,"template":"","format":"standard","meta":{"footnotes":"","_share_on_mastodon":"0"},"categories":[12],"tags":[113,112,140,141,23],"class_list":["post-290177","post","type-post","status-publish","format-standard","has-post-thumbnail","category-musique","tag-divertissement","tag-entertainment","tag-music","tag-musique","tag-suisse"],"share_on_mastodon":{"url":"https:\/\/pubeurope.com\/@ch_fr\/117208815412998482","error":""},"_links":{"self":[{"href":"https:\/\/www.europesays.com\/ch-fr\/wp-json\/wp\/v2\/posts\/290177","targetHints":{"allow":["GET"]}}],"collection":[{"href":"https:\/\/www.europesays.com\/ch-fr\/wp-json\/wp\/v2\/posts"}],"about":[{"href":"https:\/\/www.europesays.com\/ch-fr\/wp-json\/wp\/v2\/types\/post"}],"author":[{"embeddable":true,"href":"https:\/\/www.europesays.com\/ch-fr\/wp-json\/wp\/v2\/users\/2"}],"replies":[{"embeddable":true,"href":"https:\/\/www.europesays.com\/ch-fr\/wp-json\/wp\/v2\/comments?post=290177"}],"version-history":[{"count":0,"href":"https:\/\/www.europesays.com\/ch-fr\/wp-json\/wp\/v2\/posts\/290177\/revisions"}],"wp:featuredmedia":[{"embeddable":true,"href":"https:\/\/www.europesays.com\/ch-fr\/wp-json\/wp\/v2\/media\/290178"}],"wp:attachment":[{"href":"https:\/\/www.europesays.com\/ch-fr\/wp-json\/wp\/v2\/media?parent=290177"}],"wp:term":[{"taxonomy":"category","embeddable":true,"href":"https:\/\/www.europesays.com\/ch-fr\/wp-json\/wp\/v2\/categories?post=290177"},{"taxonomy":"post_tag","embeddable":true,"href":"https:\/\/www.europesays.com\/ch-fr\/wp-json\/wp\/v2\/tags?post=290177"}],"curies":[{"name":"wp","href":"https:\/\/api.w.org\/{rel}","templated":true}]}}