{"id":290193,"date":"2026-09-03T19:50:22","date_gmt":"2026-09-03T19:50:22","guid":{"rendered":"https:\/\/www.europesays.com\/ch-fr\/290193\/"},"modified":"2026-09-03T19:50:22","modified_gmt":"2026-09-03T19:50:22","slug":"personne-ne-decroche-la-bonne-combinaison-a-leurodreams-58","status":"publish","type":"post","link":"https:\/\/www.europesays.com\/ch-fr\/290193\/","title":{"rendered":"Personne ne d\u00e9croche la bonne combinaison \u00e0 l&rsquo;Eurodreams"},"content":{"rendered":"<p class=\"wysiwyg-h2\">Personne n&rsquo;a trouv\u00e9 la combinaison gagnante \u00e0 l&rsquo;Eurodreams jeudi soir. Pour gagner une rente mensuelle de 22&rsquo;222 francs durant 30 ans, il fallait jouer les six num\u00e9ros 8, 18, 20, 22, 33 et 40, ainsi que le num\u00e9ro &lsquo;dream&rsquo; 1, a indiqu\u00e9 la Loterie romande.<\/p>\n<p>Eurodreams est propos\u00e9 dans huit pays europ\u00e9ens. En Suisse, le jeu est exploit\u00e9 par la Loterie romande et par Swisslos c\u00f4t\u00e9 al\u00e9manique. Le tirage est effectu\u00e9 les lundis et jeudis soir.<\/p>\n<p>https:\/\/jeux.loro.ch\/games\/eurodreams<\/p>\n<p> \/ATS<\/p>\n","protected":false},"excerpt":{"rendered":"Personne n&rsquo;a trouv\u00e9 la combinaison gagnante \u00e0 l&rsquo;Eurodreams jeudi soir. Pour gagner une rente mensuelle de 22&rsquo;222 francs&hellip;\n","protected":false},"author":2,"featured_media":290194,"comment_status":"","ping_status":"","sticky":false,"template":"","format":"standard","meta":{"footnotes":"","_share_on_mastodon":"0"},"categories":[4],"tags":[22,121,124,128,119,122,123,118,136,132,131,133,130,21,135,120,126,117,125,114,115,116,23,129,127,134],"class_list":["post-290193","post","type-post","status-publish","format-standard","has-post-thumbnail","category-actualites","tag-actualites","tag-ajoie","tag-animation","tag-bienne","tag-delemont","tag-franches-montagnes","tag-frequence","tag-jura","tag-jura-bernois","tag-la-chaux-de-fonds","tag-moutier","tag-neuchatel","tag-neuveville","tag-news","tag-payerne","tag-porrentruy","tag-publicite","tag-radio","tag-redaction","tag-rfj","tag-rjb","tag-rtn","tag-suisse","tag-tavannes","tag-vallon-de-st-imier","tag-yverdon"],"share_on_mastodon":{"url":"https:\/\/pubeurope.com\/@ch_fr\/117208850578253828","error":""},"_links":{"self":[{"href":"https:\/\/www.europesays.com\/ch-fr\/wp-json\/wp\/v2\/posts\/290193","targetHints":{"allow":["GET"]}}],"collection":[{"href":"https:\/\/www.europesays.com\/ch-fr\/wp-json\/wp\/v2\/posts"}],"about":[{"href":"https:\/\/www.europesays.com\/ch-fr\/wp-json\/wp\/v2\/types\/post"}],"author":[{"embeddable":true,"href":"https:\/\/www.europesays.com\/ch-fr\/wp-json\/wp\/v2\/users\/2"}],"replies":[{"embeddable":true,"href":"https:\/\/www.europesays.com\/ch-fr\/wp-json\/wp\/v2\/comments?post=290193"}],"version-history":[{"count":0,"href":"https:\/\/www.europesays.com\/ch-fr\/wp-json\/wp\/v2\/posts\/290193\/revisions"}],"wp:featuredmedia":[{"embeddable":true,"href":"https:\/\/www.europesays.com\/ch-fr\/wp-json\/wp\/v2\/media\/290194"}],"wp:attachment":[{"href":"https:\/\/www.europesays.com\/ch-fr\/wp-json\/wp\/v2\/media?parent=290193"}],"wp:term":[{"taxonomy":"category","embeddable":true,"href":"https:\/\/www.europesays.com\/ch-fr\/wp-json\/wp\/v2\/categories?post=290193"},{"taxonomy":"post_tag","embeddable":true,"href":"https:\/\/www.europesays.com\/ch-fr\/wp-json\/wp\/v2\/tags?post=290193"}],"curies":[{"name":"wp","href":"https:\/\/api.w.org\/{rel}","templated":true}]}}