{"id":290203,"date":"2026-09-03T20:00:18","date_gmt":"2026-09-03T20:00:18","guid":{"rendered":"https:\/\/www.europesays.com\/ch-fr\/290203\/"},"modified":"2026-09-03T20:00:18","modified_gmt":"2026-09-03T20:00:18","slug":"julien-clerc-ouvrira-le-festival-les-rendez-vous-soniques-a-saint-lo-mardi-10-novembre-2026","status":"publish","type":"post","link":"https:\/\/www.europesays.com\/ch-fr\/290203\/","title":{"rendered":"Julien Clerc ouvrira le festival Les Rendez-vous soniques \u00e0 Saint-L\u00f4 mardi 10\u00a0novembre 2026"},"content":{"rendered":"<p>\n                Article premium,<br \/>\n                    R\u00e9serv\u00e9 aux\u00a0abonn\u00e9s\n            <\/p>\n<p class=\"su-standfirst chapeau\">Julien Clerc lancera la 17e \u00e9dition des Rendez-vous soniques \u00e0 Saint-L\u00f4\u00a0(Manche), mardi 10\u00a0novembre 2026, au parc des expositions. Le festival saint-lois accroche un nouveau grand nom de la chanson fran\u00e7aise \u00e0 son affiche.<\/p>\n<p>                                        <img decoding=\"async\" class=\"su-media\" src=\"https:\/\/media.ouest-france.fr\/v1\/pictures\/MjAyNjA5NTFiNjcwZGZmYTE0MjllZWI2N2I3ZmE1MjBjZGZiN2Y?width=630&amp;height=354&amp;focuspoint=50%2C25&amp;cropresize=1&amp;client_id=bpeditorial&amp;sign=17e3f48a838484fb4fe722786154cdf00df5cf50e956d92e989932b4f643bc23\" alt=\"Le festival Les Rendez-vous soniques d\u00e9marre sa 17e \u00e9dition au parc des expositions avec le concert de Julien Clerc.\"  \/><\/p>\n<p>                            Le festival Les Rendez-vous soniques d\u00e9marre sa 17e \u00e9dition au parc des expositions avec le concert de Julien Clerc. | MATHIEU PATTIER \/ ARCHIVES OUEST FRANCE<\/p>\n<p>                            fermer<\/p>\n<p><img decoding=\"async\" data-ofmaxheight=\"\" class=\"su-media lazyload\" alt=\"Le festival Les Rendez-vous soniques d\u00e9marre sa 17e \u00e9dition au parc des expositions avec le concert de Julien Clerc.\" src=\"data:image\/png;base64,iVBORw0KGgoAAAANSUhEUgAAABAAAAAJCAYAAAA7KqwyAAAAGXRFWHRTb2Z0d2FyZQBBZG9iZSBJbWFnZVJlYWR5ccllPAAAABhJREFUeNpi\/P\/\/PwMlgHHUgFEDgAAgwAD+lBrvy+NcxAAAAABJRU5ErkJggg==\" data-oflazyload=\"{&quot;srcset&quot;:&quot;https:\/\/media.ouest-france.fr\/v1\/pictures\/MjAyNjA5NTFiNjcwZGZmYTE0MjllZWI2N2I3ZmE1MjBjZGZiN2Y?width=320&amp;focuspoint=50%2C25&amp;cropresize=1&amp;client_id=bpeditorial&amp;sign=a22542df9510754577fb756a49e0bc21a4ffa94094c7a43c92c62881e746458b 320w,https:\/\/media.ouest-france.fr\/v1\/pictures\/MjAyNjA5NTFiNjcwZGZmYTE0MjllZWI2N2I3ZmE1MjBjZGZiN2Y?width=375&amp;focuspoint=50%2C25&amp;cropresize=1&amp;client_id=bpeditorial&amp;sign=6e35c72f03067d3e274963bcc99158db1f733cd7c62217f66331dcbf8fa27a56 360w,https:\/\/media.ouest-france.fr\/v1\/pictures\/MjAyNjA5NTFiNjcwZGZmYTE0MjllZWI2N2I3ZmE1MjBjZGZiN2Y?width=480&amp;focuspoint=50%2C25&amp;cropresize=1&amp;client_id=bpeditorial&amp;sign=c69ed756e5c01b1167942439b2a75574d72675cd4249523a8f812b3db4886bdf 480w,https:\/\/media.ouest-france.fr\/v1\/pictures\/MjAyNjA5NTFiNjcwZGZmYTE0MjllZWI2N2I3ZmE1MjBjZGZiN2Y?width=630&amp;focuspoint=50%2C25&amp;cropresize=1&amp;client_id=bpeditorial&amp;sign=fec5eaeeea2f71a992d13a650f80c96735ac3cd8a33a59d68a6a17407c6e41b8 630w,https:\/\/media.ouest-france.fr\/v1\/pictures\/MjAyNjA5NTFiNjcwZGZmYTE0MjllZWI2N2I3ZmE1MjBjZGZiN2Y?width=940&amp;focuspoint=50%2C25&amp;cropresize=1&amp;client_id=bpeditorial&amp;sign=7f9b06bc6aa7f161049eb845daf4a3a24b47bacdf42c155857589c7154398d00 940w,https:\/\/media.ouest-france.fr\/v1\/pictures\/MjAyNjA5NTFiNjcwZGZmYTE0MjllZWI2N2I3ZmE1MjBjZGZiN2Y?width=1260&amp;focuspoint=50%2C25&amp;cropresize=1&amp;client_id=bpeditorial&amp;sign=a863959b53d84cbcc29f42096c82aa4ca08e78ac9b539c8156fbaab98493f91a 1260w&quot;}\"\/>Le festival Les Rendez-vous soniques d\u00e9marre sa 17e \u00e9dition au parc des expositions avec le concert de Julien Clerc. | MATHIEU PATTIER \/ ARCHIVES OUEST FRANCE                            <\/p>\n<p data-ofstats-scroll=\"read_depth_10\">Le festival les Rendez-vous soniques accroche un nouveau grand nom de la chanson fran\u00e7aise \u00e0 son palmar\u00e8s. Julien Clerc ouvrira la 17e \u00e9dition du festival de Saint-L\u00f4\u00a0(Manche) au parc des expositions, mardi 10\u00a0novembre 2026.<\/p>\n<p data-ofstats-scroll=\"read_depth_10\"><a href=\"https:\/\/www.ouest-france.fr\/festivals\/festival-grandes-marees\/video-julien-clerc-a-fait-chanter-le-public-de-grandes-marees-a-jullouville-29b83cd1-f5e1-43a2-a082-8a6fd9722c22\" target=\"_self\" rel=\"nofollow noopener\">VID\u00c9O. Julien Clerc a fait chanter le public de Grandes mar\u00e9es \u00e0 Jullouville<\/a><\/p>\n<p>Cela fait longtemps que je pense \u00e0 programmer cet artiste, souligne Nicolas d\u2019Aprigny, directeur de l\u2019\u00e9v\u00e9nement. Sa carri\u00e8re est jalonn\u00e9e de tubes. Il a toujours \u00e9t\u00e9 sur le devant de la sc\u00e8ne sans jamais avoir connu de creux. Il a su du surcro\u00eet fid\u00e9liser son public au fil des ann\u00e9es. On&#8230;<\/p>\n<p style=\"text-align: center; background-color: #dbbe4d; padding-top: 5px; padding-bottom: 5px; font-size: 14px;\">D\u00e9j\u00e0 abonn\u00e9 ? <a data-trkartmonet=\"Identification\" data-trk-sipa=\"{\" blockcategory=\"\" paywall=\"\" href=\"http:\/\/www.ouest-france.fr\/login?redirect=https:\/\/www.ouest-france.fr\/normandie\/saint-lo-50000\/julien-clerc-ouvrira-le-festival-les-rendez-vous-soniques-a-saint-lo-mardi-10-novembre-2026-9eed365e-a6b8-11f1-8a27-1e0c4eb5e395\" rel=\"nofollow noopener\" title=\"Se connecter \u00e0 Ouest-France\" class=\"su-link-light\" target=\"_blank\">Connectez-vous<\/a><\/p>\n<p style=\"text-align: center; padding-top: 15px; padding-bottom: 8px; vertical-align: bottom;\">bloqu\u00e9 Pour lire la suite, abonnez-vous<\/p>\n<p style=\"text-align: center;\">1er mois \u00e0 1\u20ac<\/p>\n<p style=\"text-align: center; margin-top: -5px;\">Annulable \u00e0 tout moment<\/p>\n<p style=\"text-align: center;\">\u00a0<\/p>\n<p style=\"text-align: center;\"><a data-ida=\"\" data-trkartmonet=\"Tunnel OF+\" data-trk-sipa=\"{&#010;\" blockcategory=\"\" paywall=\"\" :=\"\" m=\"\" of=\"\" class=\"su-button su-subscription\" data-trk-bloc=\"paywall\" href=\"https:\/\/abonnement.ouest-france.fr\/tunnel\/pack-essentiel-article\/122096117101?int_medium=lien&amp;int_campaign=PWFR0225-OF&amp;int_content=page-article-payant_boutonjaune-paywall&amp;marquesource=OF&amp;rt=https:\/\/www.ouest-france.fr\/normandie\/saint-lo-50000\/julien-clerc-ouvrira-le-festival-les-rendez-vous-soniques-a-saint-lo-mardi-10-novembre-2026-9eed365e-a6b8-11f1-8a27-1e0c4eb5e395\" rel=\"nofollow noopener\" target=\"_blank\">Je m&rsquo;abonne<\/a><\/p>\n<p style=\"text-align: center; padding-top: 10px; padding-bottom: 10px;\"><img decoding=\"async\" src=\"https:\/\/media.ouest-france.fr\/v1\/fonts\/be7723fcee3f1866f1ce99184077fc6f-carte-bancaire.svg?height=36\" alt=\"CB\"\/>\u00a0\u00a0<img decoding=\"async\" src=\"https:\/\/media.ouest-france.fr\/v1\/fonts\/1819d54c599d8afa64539cfba4ac9dde-rib.svg?height=36\" alt=\"RIB\"\/>\u00a0\u00a0<img decoding=\"async\" src=\"https:\/\/media.ouest-france.fr\/v1\/fonts\/065fc80d7b6a03d14a834c224ce723e1-paypal.svg?height=36\" alt=\"PAYPAL\"\/><\/p>\n","protected":false},"excerpt":{"rendered":"Article premium, R\u00e9serv\u00e9 aux\u00a0abonn\u00e9s Julien Clerc lancera la 17e \u00e9dition des Rendez-vous soniques \u00e0 Saint-L\u00f4\u00a0(Manche), mardi 10\u00a0novembre 2026,&hellip;\n","protected":false},"author":2,"featured_media":290204,"comment_status":"","ping_status":"","sticky":false,"template":"","format":"standard","meta":{"footnotes":"","_share_on_mastodon":"0"},"categories":[12],"tags":[172,113,112,140,141,63206,18160,23],"class_list":["post-290203","post","type-post","status-publish","format-standard","has-post-thumbnail","category-musique","tag-culture","tag-divertissement","tag-entertainment","tag-music","tag-musique","tag-rendez-vous-soniques","tag-saint-lo","tag-suisse"],"share_on_mastodon":{"url":"https:\/\/pubeurope.com\/@ch_fr\/117208890521931613","error":""},"_links":{"self":[{"href":"https:\/\/www.europesays.com\/ch-fr\/wp-json\/wp\/v2\/posts\/290203","targetHints":{"allow":["GET"]}}],"collection":[{"href":"https:\/\/www.europesays.com\/ch-fr\/wp-json\/wp\/v2\/posts"}],"about":[{"href":"https:\/\/www.europesays.com\/ch-fr\/wp-json\/wp\/v2\/types\/post"}],"author":[{"embeddable":true,"href":"https:\/\/www.europesays.com\/ch-fr\/wp-json\/wp\/v2\/users\/2"}],"replies":[{"embeddable":true,"href":"https:\/\/www.europesays.com\/ch-fr\/wp-json\/wp\/v2\/comments?post=290203"}],"version-history":[{"count":0,"href":"https:\/\/www.europesays.com\/ch-fr\/wp-json\/wp\/v2\/posts\/290203\/revisions"}],"wp:featuredmedia":[{"embeddable":true,"href":"https:\/\/www.europesays.com\/ch-fr\/wp-json\/wp\/v2\/media\/290204"}],"wp:attachment":[{"href":"https:\/\/www.europesays.com\/ch-fr\/wp-json\/wp\/v2\/media?parent=290203"}],"wp:term":[{"taxonomy":"category","embeddable":true,"href":"https:\/\/www.europesays.com\/ch-fr\/wp-json\/wp\/v2\/categories?post=290203"},{"taxonomy":"post_tag","embeddable":true,"href":"https:\/\/www.europesays.com\/ch-fr\/wp-json\/wp\/v2\/tags?post=290203"}],"curies":[{"name":"wp","href":"https:\/\/api.w.org\/{rel}","templated":true}]}}