{"id":290205,"date":"2026-09-03T20:01:21","date_gmt":"2026-09-03T20:01:21","guid":{"rendered":"https:\/\/www.europesays.com\/ch-fr\/290205\/"},"modified":"2026-09-03T20:01:21","modified_gmt":"2026-09-03T20:01:21","slug":"une-bande-annonce-epique-des-miserables-devoilee-a-quelques-semaines-de-sa-sortie","status":"publish","type":"post","link":"https:\/\/www.europesays.com\/ch-fr\/290205\/","title":{"rendered":"Une bande-annonce \u00e9pique des Mis\u00e9rables d\u00e9voil\u00e9e \u00e0 quelques semaines de sa sortie"},"content":{"rendered":"<p>\n    Ce nouvel extrait de l\u2019adaptation du roman de Victor Hugo r\u00e9unit Vincent Lindon en Jean Valjean, Tahar Rahim en inspecteur Javert et No\u00e9mie Merlant en Fantine. L\u2019adaptation de Fred Cavay\u00e9 sortira en salles le 14 octobre.<\/p>\n<p class=\"fig-paragraph\">Le destin de\u00a0<a href=\"http:\/\/www.lefigaro.fr\/cinema\/la-transformation-de-vincent-lindon-en-jean-valjean-pour-la-prochaine-adaptation-des-miserables-20251207\" data-fig-type=\"Article\" data-gtm-custom-categorie=\"navigation\" data-gtm-custom-action=\"crossclick\" data-gtm-custom-label=\"Contextuel\" data-gtm-event=\"customEventSPE\" data-fig-domain=\"LEFIGARO\" rel=\"nofollow noopener\" target=\"_blank\">Jean Valjean<\/a>, Cosette, Marius et les autres. Studio Canal vient de d\u00e9voiler une deuxi\u00e8me\u00a0<a href=\"http:\/\/www.lefigaro.fr\/cinema\/a-trop-vouloir-l-ordre-on-engendre-le-chaos-une-bande-annonce-explosive-pour-les-miserables-avec-vincent-lindon-20260702\" target=\"_blank\" data-fig-type=\"Article\" rel=\"noopener nofollow\" data-gtm-custom-categorie=\"navigation\" data-gtm-custom-action=\"crossclick\" data-gtm-custom-label=\"Contextuel\" data-gtm-event=\"customEventSPE\" data-fig-domain=\"LEFIGARO\">bande-annonce<\/a>\u00a0de l\u2019adaptation des Mis\u00e9rables de Victor Hugo, paru en 1862. \u00c0 quelques semaines de sa sortie en salles, pr\u00e9vue le 14 octobre, le film de Fred Cavay\u00e9 se r\u00e9v\u00e8le dans un extrait \u00e9pique de deux minutes.<\/p>\n<p class=\"fig-paragraph\">Pr\u00e9sent\u00e9 en comp\u00e9tition au Festival international du film de Saint-S\u00e9bastien, du 18 au 26 septembre, le long-m\u00e9trage, Les Mis\u00e9rables, d\u00e9voile une bribe de son intrigue. La bande-annonce revient sur le vol d\u2019un pain commis par Jean Valjean (Vincent Lindon), la traque implacable men\u00e9e par l\u2019inspecteur Javert (<a href=\"http:\/\/www.lefigaro.fr\/cinema\/la-bande-annonce-de-monsieur-aznavour-dissimule-encore-le-visage-de-tahar-rahim-20240523\" data-fig-type=\"Article\" data-gtm-custom-categorie=\"navigation\" data-gtm-custom-action=\"crossclick\" data-gtm-custom-label=\"Contextuel\" data-gtm-event=\"customEventSPE\" data-fig-domain=\"LEFIGARO\" rel=\"nofollow noopener\" target=\"_blank\">Tahar Rahim<\/a>), ainsi que la relation amoureuse entre Cosette (Megan Northam) et Marius (<a href=\"https:\/\/video.lefigaro.fr\/figaro\/molieres-2025-en-coulisses-avec-vassili-schneider-et-panayotis-pascot-20250429\" data-fig-type=\"Video\" data-gtm-custom-categorie=\"navigation\" data-gtm-custom-action=\"crossclick\" data-gtm-custom-label=\"Contextuel\" data-gtm-event=\"customEventSPE\" data-fig-domain=\"LEFIGARO\" rel=\"nofollow noopener\" target=\"_blank\">Vassili Schneider<\/a>).<\/p>\n<p class=\"fig-body-link\">\n            \u00c0 lire aussi<br \/>\n        <a class=\"fig-body-link__link\" href=\"http:\/\/www.lefigaro.fr\/cinema\/l-adaptation-des-miserables-sortira-en-octobre-deux-mois-plus-tot-que-prevu-20260127\" target=\"_blank\" data-fig-type=\"NewsFlash\" rel=\"noopener nofollow\" data-gtm-custom-categorie=\"navigation\" data-gtm-custom-action=\"crossclick\" data-gtm-custom-label=\"Contextuel\" data-gtm-event=\"customEventSPE\" data-fig-domain=\"LEFIGARO\"><br \/>\n                L\u2019adaptation des Mis\u00e9rables sortira en octobre deux mois plus t\u00f4t que pr\u00e9vu<br \/>\n    <\/a>\n<\/p>\n<p>                                            <a class=\"fig-a11y-skip\" href=\"#fig-a11y-skip-main-inarticle\" is=\"fig-a11y-skip\" data-trigger-mode=\"visible-once\"><br \/>\n    Passer la publicit\u00e9<br \/>\n<\/a>            <\/p>\n<p class=\"fig-paragraph\">Les images laissent \u00e9galement entrevoir Fantine, jou\u00e9e par No\u00e9mie Merlant (<a href=\"http:\/\/www.lefigaro.fr\/culture\/notre-critique-de-femmes-au-balcon-fenetre-sur-basse-cour-20241210\" data-fig-type=\"Article\" data-gtm-custom-categorie=\"navigation\" data-gtm-custom-action=\"crossclick\" data-gtm-custom-label=\"Contextuel\" data-gtm-event=\"customEventSPE\" data-fig-domain=\"LEFIGARO\" rel=\"nofollow noopener\" target=\"_blank\">Femmes au balcon<\/a> ) et sa garde, funeste, par les Th\u00e9nardier, incarn\u00e9s par\u00a0<a href=\"http:\/\/www.lefigaro.fr\/cinema\/louis-garrel-camille-cottin-et-pierre-lottin-reunis-dans-juste-une-illusion-une-comedie-introspective-20260319\" data-fig-type=\"Article\" data-gtm-custom-categorie=\"navigation\" data-gtm-custom-action=\"crossclick\" data-gtm-custom-label=\"Contextuel\" data-gtm-event=\"customEventSPE\" data-fig-domain=\"LEFIGARO\" rel=\"nofollow noopener\" target=\"_blank\">Camille Cottin<\/a>\u00a0et\u00a0<a href=\"http:\/\/www.lefigaro.fr\/cinema\/complet-a-la-comedie-francaise-le-cid-avec-benjamin-lavernhe-s-offre-une-seance-de-cinema-20260422\" data-fig-type=\"Article\" data-gtm-custom-categorie=\"navigation\" data-gtm-custom-action=\"crossclick\" data-gtm-custom-label=\"Contextuel\" data-gtm-event=\"customEventSPE\" data-fig-domain=\"LEFIGARO\" rel=\"nofollow noopener\" target=\"_blank\">Benjamin Lavernhe<\/a>. Ce qui prend le spectateur, ce sont les sc\u00e8nes d\u2019action sur les barricades de l\u2019insurrection r\u00e9publicaine de juin 1832, marqu\u00e9es par des explosions et la volont\u00e9 de renverser la monarchie de Juillet.<\/p>\n<p class=\"fig-body-link\">\n            \u00c0 lire aussi<br \/>\n        <a class=\"fig-body-link__link\" href=\"https:\/\/www.lefigaro.fr\/cinema\/2013\/12\/12\/03002-20131212ARTFIG00468--les-miserables-le-lustre-retrouve-d-un-chef-d-oeuvre.php\" target=\"_blank\" data-fig-type=\"Article\" rel=\"noopener nofollow\" data-gtm-custom-categorie=\"navigation\" data-gtm-custom-action=\"crossclick\" data-gtm-custom-label=\"Contextuel\" data-gtm-event=\"customEventSPE\" data-fig-domain=\"LEFIGARO\"><br \/>\n                Les Mis\u00e9rables\u00a0: le lustre retrouv\u00e9 d&rsquo;un chef-d&rsquo;\u0153uvre<br \/>\n    <\/a>\n<\/p>\n<p>                                            Sacrifices et qu\u00eate de justice<\/p>\n<p class=\"fig-paragraph\">\u00abLib\u00e9r\u00e9 apr\u00e8s 19 ans de bagne pour le vol d\u2019un pain, Jean Valjean d\u00e9cide de changer de vie et de faire le bien autour de lui. Sous une fausse identit\u00e9, il devient avec le temps un notable respect\u00e9 de tous. Mais son pass\u00e9 le rattrape\u00a0: l\u2019inspecteur Javert, un policier implacable, au pass\u00e9 lui aussi tourment\u00e9, le traque sans rel\u00e2che afin de le renvoyer au bagne. Dans un Paris en pleine r\u00e9volution, Valjean doit lutter pour prot\u00e9ger Cosette et achever sa r\u00e9demption, entre sacrifices et qu\u00eate de justice\u00bb, promet le synopsis du film coproduit par Studiocanal.<\/p>\n<p class=\"fig-body-link\">\n            \u00c0 lire aussi<br \/>\n        <a class=\"fig-body-link__link fig-premium-mark\" href=\"http:\/\/www.lefigaro.fr\/culture\/vincent-lindon-benjamin-lavernhe-camille-cottin-notre-reportage-en-exclusivite-sur-le-plateau-de-tournage-des-miserables-20260221\" target=\"_blank\" data-fig-type=\"Article\" rel=\"noopener nofollow\" data-gtm-custom-categorie=\"navigation\" data-gtm-custom-action=\"crossclick\" data-gtm-custom-label=\"Contextuel\" data-gtm-event=\"customEventSPE\" data-fig-domain=\"LEFIGARO\"><br \/>\n                Vincent Lindon, Benjamin Lavernhe, Camille Cottin\u2026 Notre reportage en exclusivit\u00e9 sur le plateau de tournage des Mis\u00e9rables<br \/>\n    <\/a>\n<\/p>\n<p class=\"fig-paragraph\">Autour de Vincent Lindon, qui incarne Jean Valjean, Fred Cavay\u00e9 a r\u00e9uni un casting prestigieux, pour une adaptation dot\u00e9e d\u2019un budget de 36 millions d\u2019euros. Apr\u00e8s un \u00e9t\u00e9 port\u00e9 par\u00a0<a href=\"http:\/\/www.lefigaro.fr\/cinema\/de-gaulle-et-l-odyssee-nouveaux-supports-pedagogiques-20260817\" target=\"_blank\" data-fig-type=\"NewsFlash\" rel=\"noopener nofollow\" data-gtm-custom-categorie=\"navigation\" data-gtm-custom-action=\"crossclick\" data-gtm-custom-label=\"Contextuel\" data-gtm-event=\"customEventSPE\" data-fig-domain=\"LEFIGARO\">de superproductions<\/a>\u00a0comme\u00a0<a href=\"http:\/\/www.lefigaro.fr\/cinema\/l-odyssee-ou-le-periple-agite-des-acteurs-sur-un-navire-viking-20260823\" data-fig-type=\"NewsFlash\" data-gtm-custom-categorie=\"navigation\" data-gtm-custom-action=\"crossclick\" data-gtm-custom-label=\"Contextuel\" data-gtm-event=\"customEventSPE\" data-fig-domain=\"LEFIGARO\" rel=\"nofollow noopener\" target=\"_blank\">L\u2019Odyss\u00e9e\u00a0<\/a>et\u00a0<a href=\"http:\/\/www.lefigaro.fr\/cinema\/portes-par-l-odyssee-la-bataille-de-gaulle-et-spider-man-les-cinemas-francais-vivent-un-ete-record-20260811\" data-fig-type=\"NewsFlash\" data-gtm-custom-categorie=\"navigation\" data-gtm-custom-action=\"crossclick\" data-gtm-custom-label=\"Contextuel\" data-gtm-event=\"customEventSPE\" data-fig-domain=\"LEFIGARO\" rel=\"nofollow noopener\" target=\"_blank\">La Bataille de Gaulle<\/a>, Les Mis\u00e9rables cherchera \u00e0 tirer son \u00e9pingle du jeu parmi les grandes fresques romanesques et historiques, dans la lign\u00e9e des Trois Mousquetaires et du Comte de Monte-Cristo.<\/p>\n","protected":false},"excerpt":{"rendered":"Ce nouvel extrait de l\u2019adaptation du roman de Victor Hugo r\u00e9unit Vincent Lindon en Jean Valjean, Tahar Rahim&hellip;\n","protected":false},"author":2,"featured_media":290206,"comment_status":"","ping_status":"","sticky":false,"template":"","format":"standard","meta":{"footnotes":"","_share_on_mastodon":"0"},"categories":[11],"tags":[9539,113,112,139,138,63207,6900,137,23,6141,6902],"class_list":["post-290205","post","type-post","status-publish","format-standard","has-post-thumbnail","category-films","tag-camille-cottin","tag-divertissement","tag-entertainment","tag-film","tag-films","tag-fred-cavaye","tag-les-miserables","tag-movies","tag-suisse","tag-tahar-rahim","tag-vincent-lindon"],"share_on_mastodon":{"url":"https:\/\/pubeurope.com\/@ch_fr\/117208893821337560","error":""},"_links":{"self":[{"href":"https:\/\/www.europesays.com\/ch-fr\/wp-json\/wp\/v2\/posts\/290205","targetHints":{"allow":["GET"]}}],"collection":[{"href":"https:\/\/www.europesays.com\/ch-fr\/wp-json\/wp\/v2\/posts"}],"about":[{"href":"https:\/\/www.europesays.com\/ch-fr\/wp-json\/wp\/v2\/types\/post"}],"author":[{"embeddable":true,"href":"https:\/\/www.europesays.com\/ch-fr\/wp-json\/wp\/v2\/users\/2"}],"replies":[{"embeddable":true,"href":"https:\/\/www.europesays.com\/ch-fr\/wp-json\/wp\/v2\/comments?post=290205"}],"version-history":[{"count":0,"href":"https:\/\/www.europesays.com\/ch-fr\/wp-json\/wp\/v2\/posts\/290205\/revisions"}],"wp:featuredmedia":[{"embeddable":true,"href":"https:\/\/www.europesays.com\/ch-fr\/wp-json\/wp\/v2\/media\/290206"}],"wp:attachment":[{"href":"https:\/\/www.europesays.com\/ch-fr\/wp-json\/wp\/v2\/media?parent=290205"}],"wp:term":[{"taxonomy":"category","embeddable":true,"href":"https:\/\/www.europesays.com\/ch-fr\/wp-json\/wp\/v2\/categories?post=290205"},{"taxonomy":"post_tag","embeddable":true,"href":"https:\/\/www.europesays.com\/ch-fr\/wp-json\/wp\/v2\/tags?post=290205"}],"curies":[{"name":"wp","href":"https:\/\/api.w.org\/{rel}","templated":true}]}}