{"id":290211,"date":"2026-09-03T20:05:22","date_gmt":"2026-09-03T20:05:22","guid":{"rendered":"https:\/\/www.europesays.com\/ch-fr\/290211\/"},"modified":"2026-09-03T20:05:22","modified_gmt":"2026-09-03T20:05:22","slug":"gta-6-des-manettes-dualsense-officielles-chez-playstation","status":"publish","type":"post","link":"https:\/\/www.europesays.com\/ch-fr\/290211\/","title":{"rendered":"GTA 6, des manettes Dualsense officielles chez Playstation !"},"content":{"rendered":"<p>Sony profite de son State of Play pour d\u00e9voiler deux nouvelles manettes DualSense aux couleurs de Grand Theft Auto VI (GTA 6), dont la sortie accompagnera celle du jeu le 19 novembre prochain. Pour rappel, le jeu arrive aussi sur Xbox Series X\/S. <\/p>\n<p><a href=\"https:\/\/i0.wp.com\/jvmag.ch\/wp-content\/uploads\/2026\/09\/gta.webp?ssl=1\" rel=\"nofollow noopener\" target=\"_blank\"><img loading=\"lazy\" data-recalc-dims=\"1\" decoding=\"async\" width=\"768\" height=\"432\" src=\"https:\/\/www.europesays.com\/ch-fr\/wp-content\/uploads\/2026\/09\/gta.webp\" alt=\"GTA 6, des manettes Dualsense officielles chez Playstation ! \" class=\"wp-image-116472\"  \/><\/a><\/p>\n<p>Baptis\u00e9es Grand Theft Auto VI Black Limited Edition et White Limited Edition, les deux manettes s\u2019inspirent directement de l\u2019ambiance de Vice City. Elles disposent d\u2019une finition brillante capable de changer de couleur selon la lumi\u00e8re, m\u00e9langeant les teintes d\u2019un coucher de soleil avec celles des c\u00e9l\u00e8bres n\u00e9ons de la ville. Des palmiers sont \u00e9galement moul\u00e9s directement dans la coque, accompagn\u00e9s du logo officiel de GTA VI.<\/p>\n<p>La version blanche \u00e9voque les plages, les couleurs pastel et l\u2019ambiance de Vice City en journ\u00e9e, tandis que le mod\u00e8le noir s\u2019inspire davantage de sa vie nocturne.<\/p>\n<p>Les deux DualSense seront commercialis\u00e9es \u00e0 partir du 19 novembre au prix conseill\u00e9 de 84,99 CHF. Les pr\u00e9commandes ouvriront d\u00e8s le 10 septembre \u00e0 10h00, avec une disponibilit\u00e9 limit\u00e9e selon les r\u00e9gions et les revendeurs.<\/p>\n","protected":false},"excerpt":{"rendered":"Sony profite de son State of Play pour d\u00e9voiler deux nouvelles manettes DualSense aux couleurs de Grand Theft&hellip;\n","protected":false},"author":2,"featured_media":290212,"comment_status":"","ping_status":"","sticky":false,"template":"","format":"standard","meta":{"footnotes":"","_share_on_mastodon":"0"},"categories":[7],"tags":[61,57,59,58,23,60,62],"class_list":["post-290211","post","type-post","status-publish","format-standard","has-post-thumbnail","category-sciences-et-technologies","tag-science","tag-science-and-technology","tag-sciences","tag-sciences-et-technologies","tag-suisse","tag-technologies","tag-technology"],"share_on_mastodon":{"url":"https:\/\/pubeurope.com\/@ch_fr\/117208909763988741","error":""},"_links":{"self":[{"href":"https:\/\/www.europesays.com\/ch-fr\/wp-json\/wp\/v2\/posts\/290211","targetHints":{"allow":["GET"]}}],"collection":[{"href":"https:\/\/www.europesays.com\/ch-fr\/wp-json\/wp\/v2\/posts"}],"about":[{"href":"https:\/\/www.europesays.com\/ch-fr\/wp-json\/wp\/v2\/types\/post"}],"author":[{"embeddable":true,"href":"https:\/\/www.europesays.com\/ch-fr\/wp-json\/wp\/v2\/users\/2"}],"replies":[{"embeddable":true,"href":"https:\/\/www.europesays.com\/ch-fr\/wp-json\/wp\/v2\/comments?post=290211"}],"version-history":[{"count":0,"href":"https:\/\/www.europesays.com\/ch-fr\/wp-json\/wp\/v2\/posts\/290211\/revisions"}],"wp:featuredmedia":[{"embeddable":true,"href":"https:\/\/www.europesays.com\/ch-fr\/wp-json\/wp\/v2\/media\/290212"}],"wp:attachment":[{"href":"https:\/\/www.europesays.com\/ch-fr\/wp-json\/wp\/v2\/media?parent=290211"}],"wp:term":[{"taxonomy":"category","embeddable":true,"href":"https:\/\/www.europesays.com\/ch-fr\/wp-json\/wp\/v2\/categories?post=290211"},{"taxonomy":"post_tag","embeddable":true,"href":"https:\/\/www.europesays.com\/ch-fr\/wp-json\/wp\/v2\/tags?post=290211"}],"curies":[{"name":"wp","href":"https:\/\/api.w.org\/{rel}","templated":true}]}}