{"id":290213,"date":"2026-09-03T20:06:14","date_gmt":"2026-09-03T20:06:14","guid":{"rendered":"https:\/\/www.europesays.com\/ch-fr\/290213\/"},"modified":"2026-09-03T20:06:14","modified_gmt":"2026-09-03T20:06:14","slug":"les-montants-investis-par-les-industriels-pour-reduire-leur-impact-environnemental-ont-augmente-de-50-depuis-2021-selon-une-etude-de-linsee","status":"publish","type":"post","link":"https:\/\/www.europesays.com\/ch-fr\/290213\/","title":{"rendered":"Les montants investis par les industriels pour \u00ab\u00a0r\u00e9duire leur impact environnemental ont augment\u00e9 de 50% depuis 2021\u00a0\u00bb, selon une \u00e9tude de l&rsquo;Insee"},"content":{"rendered":"<p class=\"c-chapo \">\n  Cette forte hausse s&rsquo;explique par des incitations financi\u00e8res, notamment le Fonds Chaleur de l&rsquo;Ademe. L&rsquo;augmentation est \u00ab\u00a0particuli\u00e8rement forte pour les \u00e9tablissements du secteur de la chimie\u00a0\u00bb, rel\u00e8ve l&rsquo;\u00e9tude consult\u00e9e par France Inter.\n<\/p>\n<p>    Publi\u00e9 le 03\/09\/2026 21:24<\/p>\n<p>        Temps de lecture : 2min<\/p>\n<p>    <img decoding=\"async\"  alt=\"L'usine de p\u00e9trochimie Versalis sur le site de Mardyck, \u00e0 Dunkerque (Nord), le 30 novembre 2025. (SEBASTIEN JARRY \/ MAXPPP)\" width=\"432\" height=\"243\" src=\"https:\/\/www.europesays.com\/ch-fr\/wp-content\/uploads\/2026\/09\/6a99c91353c53979308067.jpg\" fetchpriority=\"high\"\/><\/p>\n<p>      L&rsquo;usine de p\u00e9trochimie Versalis sur le site de Mardyck, \u00e0 Dunkerque (Nord), le 30 novembre 2025. (SEBASTIEN JARRY \/ MAXPPP)<\/p>\n<p>De 2021 \u00e0 2024, les d\u00e9penses pour \u00ab\u00a0r\u00e9duire l&rsquo;impact environnemental ont augment\u00e9 de 50%\u00a0\u00bb chez les industriels, indique jeudi 3 septembre l&rsquo;Insee dans une \u00e9tude consult\u00e9e <a href=\"https:\/\/www.radiofrance.fr\/franceinter\" target=\"_blank\" rel=\"noopener nofollow\" data-tooltip-url=\"https:\/\/www.radiofrance.fr\/franceinter\">par France Inter<\/a>. En 2024, 54% des entreprises industrielles de plus de 20\u00a0salari\u00e9s ont sorti le carnet de ch\u00e8que et investi pour prot\u00e9ger l&rsquo;environnement. Ce taux reste stable par rapport \u00e0 2023. <\/p>\n<p>Ces 3,5 milliards d&rsquo;euros ont \u00e9t\u00e9 investis \u00ab\u00a0pour prot\u00e9ger l&rsquo;environnement\u00a0\u00bb, ces investissements ont port\u00e9 \u00ab\u00a0sur la gestion de l&rsquo;eau, des d\u00e9chets, les \u00e9conomies d&rsquo;\u00e9nergie ou encore la protection de l&rsquo;air et du climat\u00a0\u00bb, c&rsquo;est une somme qui n&rsquo;a cess\u00e9 d&rsquo;augmenter pendant trois ann\u00e9es cons\u00e9cutives, note l&rsquo;institut de la statistique. La hausse est \u00ab\u00a0particuli\u00e8rement forte pour les \u00e9tablissements du secteur de la chimie. Les autres d\u00e9penses portent sur des \u00e9tudes en pr\u00e9vision d&rsquo;investissements et sur des \u00e9tudes r\u00e9glementaires ou de contr\u00f4le\u00a0\u00bb, analyse l&rsquo;Insee.  <\/p>\n<p>Les entreprises cherchent \u00e0 moins consommer ou \u00e0 verdir leur mode \u00e9nerg\u00e9tique. Les \u00e9nergies renouvelables (biomasse, solaire, g\u00e9othermie) ont le vent en poupe comme les technologies pour optimiser la consommation. Cette forte hausse s&rsquo;explique par des incitations financi\u00e8res, notamment le Fonds Chaleur de l&rsquo;Ademe en particulier. <\/p>\n<p>Cela est \u00e9galement la cons\u00e9quence de normes plus strictes de l&rsquo;Union europ\u00e9enne ou de nouvelles lois en particulier pour les sites de plus de 500 salari\u00e9s, qui d\u00e9pensent le plus. La loi antigaspillage oblige les industriels \u00e0 mieux recycler, voire \u00e0 incorporer davantage de mati\u00e8res recycl\u00e9es dans leurs produits. La r\u00e9novation des r\u00e9seaux d&rsquo;eau v\u00e9tustes et la mise en place de circuits ferm\u00e9s progressent aussi fortement.  <\/p>\n<p>Le coup de pouce de l&rsquo;Etat a aussi un impact puisqu&rsquo;un \u00e9tablissement sur cinq a b\u00e9n\u00e9fici\u00e9 d&rsquo;aides. C&rsquo;est donc un peu \u00e0 marche forc\u00e9e que l&rsquo;industrie se verdit. Au total, \u00ab\u00a0260 millions d&rsquo;euros d&rsquo;aides environ ont \u00e9t\u00e9 vers\u00e9s sur les 3,5\u00a0milliards d&rsquo;euros de d\u00e9penses environnementales, soit 7%\u00a0\u00bb, estime l&rsquo;Insee. Parmi le nombre d&rsquo;aides publiques vers\u00e9es, \u00ab\u00a022% le sont au titre des certificats d&rsquo;\u00e9conomies d&rsquo;\u00e9nergie (CEE)\u00a0: ce dispositif permet de financer certains travaux de r\u00e9novation \u00e9nerg\u00e9tique\u00a0\u00bb.  <\/p>\n<p>\u00c0 noter que \u00ab\u00a0le montant moyen d&rsquo;un investissement antipollution varie selon la taille de l&rsquo;\u00e9tablissement\u00a0: de 104\u00a0000\u00a0euros pour les \u00e9tablissements de 20\u00a0\u00e0\u00a049\u00a0salari\u00e9s \u00e0 1,6\u00a0million d&rsquo;euros pour ceux de 500\u00a0salari\u00e9s ou plus. Ainsi, bien qu&rsquo;ils ne repr\u00e9sentent que 2% des \u00e9tablissements, ces derniers concentrent 24% des d\u00e9penses\u00a0\u00bb. Les chiffres de 2025 et 2026 n&rsquo;\u00e9tant pas encore disponibles, il faudra donc voir si cette bonne tendance se poursuit. <\/p>\n","protected":false},"excerpt":{"rendered":"Cette forte hausse s&rsquo;explique par des incitations financi\u00e8res, notamment le Fonds Chaleur de l&rsquo;Ademe. L&rsquo;augmentation est \u00ab\u00a0particuli\u00e8rement forte&hellip;\n","protected":false},"author":2,"featured_media":290214,"comment_status":"","ping_status":"","sticky":false,"template":"","format":"standard","meta":{"footnotes":"","_share_on_mastodon":"0"},"categories":[6],"tags":[45,44,43,23],"class_list":["post-290213","post","type-post","status-publish","format-standard","has-post-thumbnail","category-economie","tag-business","tag-economie","tag-economy","tag-suisse"],"share_on_mastodon":{"url":"https:\/\/pubeurope.com\/@ch_fr\/117208913739833417","error":""},"_links":{"self":[{"href":"https:\/\/www.europesays.com\/ch-fr\/wp-json\/wp\/v2\/posts\/290213","targetHints":{"allow":["GET"]}}],"collection":[{"href":"https:\/\/www.europesays.com\/ch-fr\/wp-json\/wp\/v2\/posts"}],"about":[{"href":"https:\/\/www.europesays.com\/ch-fr\/wp-json\/wp\/v2\/types\/post"}],"author":[{"embeddable":true,"href":"https:\/\/www.europesays.com\/ch-fr\/wp-json\/wp\/v2\/users\/2"}],"replies":[{"embeddable":true,"href":"https:\/\/www.europesays.com\/ch-fr\/wp-json\/wp\/v2\/comments?post=290213"}],"version-history":[{"count":0,"href":"https:\/\/www.europesays.com\/ch-fr\/wp-json\/wp\/v2\/posts\/290213\/revisions"}],"wp:featuredmedia":[{"embeddable":true,"href":"https:\/\/www.europesays.com\/ch-fr\/wp-json\/wp\/v2\/media\/290214"}],"wp:attachment":[{"href":"https:\/\/www.europesays.com\/ch-fr\/wp-json\/wp\/v2\/media?parent=290213"}],"wp:term":[{"taxonomy":"category","embeddable":true,"href":"https:\/\/www.europesays.com\/ch-fr\/wp-json\/wp\/v2\/categories?post=290213"},{"taxonomy":"post_tag","embeddable":true,"href":"https:\/\/www.europesays.com\/ch-fr\/wp-json\/wp\/v2\/tags?post=290213"}],"curies":[{"name":"wp","href":"https:\/\/api.w.org\/{rel}","templated":true}]}}