{"id":290217,"date":"2026-09-03T20:08:24","date_gmt":"2026-09-03T20:08:24","guid":{"rendered":"https:\/\/www.europesays.com\/ch-fr\/290217\/"},"modified":"2026-09-03T20:08:24","modified_gmt":"2026-09-03T20:08:24","slug":"nouvelle-autorisation-recue-pour-tirer-le-loup-de-la-brevine","status":"publish","type":"post","link":"https:\/\/www.europesays.com\/ch-fr\/290217\/","title":{"rendered":"Nouvelle autorisation re\u00e7ue pour tirer le loup de La Br\u00e9vine"},"content":{"rendered":"<p>    <img src=\"https:\/\/www.europesays.com\/ch-fr\/wp-content\/uploads\/2026\/09\/8affe00dad89ad4c48b3c8ac5dee8d869f94f83e-92001040.jpg\" width=\"1400\" height=\"1050\" alt=\"\" loading=\"eager\" decoding=\"sync\" fetchpriority=\"high\"\/><\/p>\n<p>            Keystone-SDA        <\/p>\n<p>        L\u2019Etat de Neuch\u00e2tel a re\u00e7u mardi l\u2019autorisation d\u2019abattre l\u2019auteur d\u2019une s\u00e9rie d\u2019attaques sur des bovins en juillet. Elle court jusqu\u2019au 31 janvier 2027. Lors d&rsquo;une premi\u00e8re autorisation, qui courait jusqu&rsquo;\u00e0 lundi, le canton n&rsquo;avait pas r\u00e9ussi \u00e0 tirer le loup m\u00e2le de la meute de la vall\u00e9e de la Br\u00e9vine.\n<\/p>\n<p>        Ce contenu a \u00e9t\u00e9 publi\u00e9 sur    <\/p>\n<p>        03 septembre 2026 &#8211; 16:05\n<\/p>\n<p> (Keystone-ATS) \u00abLe canton a re\u00e7u le feu vert de la Conf\u00e9d\u00e9ration mardi\u00bb, a d\u00e9clar\u00e9 jeudi \u00e0 Keystone-ATS Christophe No\u00ebl, chef du Service de la faune, des for\u00eats et de la nature (SFFN), confirmant une information de RTN.<\/p>\n<p>Les gardes-faune avaient jusqu\u2019au 31 ao\u00fbt minuit \u2013 date de la fin des mesures \u00abr\u00e9actives\u00bb, c\u2019est-\u00e0-dire prises en cas de dommages caus\u00e9s par le pr\u00e9dateur \u2013 pour tuer celui qu\u2019on nomme M583. Mais ce loup n\u2019a pas \u00e9t\u00e9 tir\u00e9. Arcinfo avait pr\u00e9cis\u00e9 mardi que seul un jeune a \u00e9t\u00e9 tu\u00e9, directement le 20 ao\u00fbt, par les gardes-faune.<\/p>\n<p>L\u2019Etat a d\u00e9sormais jusqu\u2019au 31 janvier 2027, date de la fin de la p\u00e9riode des mesures \u00abproactives\u00bb, pour abattre l\u2019animal. L\u2019arr\u00eat\u00e9 de l\u2019Office f\u00e9d\u00e9ral de l\u2019environnement (OFEV) pr\u00e9cise que deux tiers des jeunes loups, n\u00e9s en 2026 dans la meute de La Br\u00e9vine, peuvent \u00eatre pr\u00e9lev\u00e9s.<\/p>\n<p>Christophe No\u00ebl a ajout\u00e9 que d\u2019autres tirs que celui de M583 ne sont pas pr\u00e9vus \u00e0 ce stade et que cela d\u00e9pendra de l\u2019\u00e9volution des dommages.<\/p>\n","protected":false},"excerpt":{"rendered":"Keystone-SDA L\u2019Etat de Neuch\u00e2tel a re\u00e7u mardi l\u2019autorisation d\u2019abattre l\u2019auteur d\u2019une s\u00e9rie d\u2019attaques sur des bovins en juillet.&hellip;\n","protected":false},"author":2,"featured_media":290218,"comment_status":"","ping_status":"","sticky":false,"template":"","format":"standard","meta":{"footnotes":"","_share_on_mastodon":"0"},"categories":[3],"tags":[23,36],"class_list":["post-290217","post","type-post","status-publish","format-standard","has-post-thumbnail","category-suisse","tag-suisse","tag-ticker"],"share_on_mastodon":{"url":"https:\/\/pubeurope.com\/@ch_fr\/117208921573855795","error":""},"_links":{"self":[{"href":"https:\/\/www.europesays.com\/ch-fr\/wp-json\/wp\/v2\/posts\/290217","targetHints":{"allow":["GET"]}}],"collection":[{"href":"https:\/\/www.europesays.com\/ch-fr\/wp-json\/wp\/v2\/posts"}],"about":[{"href":"https:\/\/www.europesays.com\/ch-fr\/wp-json\/wp\/v2\/types\/post"}],"author":[{"embeddable":true,"href":"https:\/\/www.europesays.com\/ch-fr\/wp-json\/wp\/v2\/users\/2"}],"replies":[{"embeddable":true,"href":"https:\/\/www.europesays.com\/ch-fr\/wp-json\/wp\/v2\/comments?post=290217"}],"version-history":[{"count":0,"href":"https:\/\/www.europesays.com\/ch-fr\/wp-json\/wp\/v2\/posts\/290217\/revisions"}],"wp:featuredmedia":[{"embeddable":true,"href":"https:\/\/www.europesays.com\/ch-fr\/wp-json\/wp\/v2\/media\/290218"}],"wp:attachment":[{"href":"https:\/\/www.europesays.com\/ch-fr\/wp-json\/wp\/v2\/media?parent=290217"}],"wp:term":[{"taxonomy":"category","embeddable":true,"href":"https:\/\/www.europesays.com\/ch-fr\/wp-json\/wp\/v2\/categories?post=290217"},{"taxonomy":"post_tag","embeddable":true,"href":"https:\/\/www.europesays.com\/ch-fr\/wp-json\/wp\/v2\/tags?post=290217"}],"curies":[{"name":"wp","href":"https:\/\/api.w.org\/{rel}","templated":true}]}}