{"id":290219,"date":"2026-09-03T20:09:11","date_gmt":"2026-09-03T20:09:11","guid":{"rendered":"https:\/\/www.europesays.com\/ch-fr\/290219\/"},"modified":"2026-09-03T20:09:11","modified_gmt":"2026-09-03T20:09:11","slug":"un-avion-de-swiss-atterrit-a-terre-neuve-pour-une-urgence","status":"publish","type":"post","link":"https:\/\/www.europesays.com\/ch-fr\/290219\/","title":{"rendered":"Un avion de Swiss atterrit \u00e0 Terre Neuve pour une urgence"},"content":{"rendered":"<p>A St. John\u2019s, le passager devait \u00eatre pris en charge par les services m\u00e9dicaux. L\u2019avion sera ensuite ravitaill\u00e9 en carburant et le vol, avec ses 234 passagers, reprendra d\u00e8s que possible en direction de New York, a pr\u00e9cis\u00e9 Swiss.<\/p>\n<p>La compagnie a\u00e9rienne r\u00e9agissait apr\u00e8s plusieurs informations de m\u00e9dias faisant \u00e9tat d&rsquo;un \u00ab\u00a0atterrissage d&rsquo;urgence\u00a0\u00bb. Le signal de d\u00e9tresse ne signifie pas automatiquement qu\u2019il y a un danger pour les passagers ou l\u2019avion. Mais il permet au contr\u00f4le a\u00e9rien de traiter le vol avec la priorit\u00e9 requise, pr\u00e9cise Swiss.<\/p>\n<p>Le signal de d\u00e9tresse 7700 est utilis\u00e9 dans l\u2019aviation dans des situations tr\u00e8s diverses, comme lors d\u2019incidents m\u00e9dicaux. Cela n\u2019entra\u00eene pas automatiquement ce que l\u2019on appelle un \u00ab\u00a0atterrissage d\u2019urgence\u00a0\u00bb.<\/p>\n","protected":false},"excerpt":{"rendered":"A St. John\u2019s, le passager devait \u00eatre pris en charge par les services m\u00e9dicaux. L\u2019avion sera ensuite ravitaill\u00e9&hellip;\n","protected":false},"author":2,"featured_media":290220,"comment_status":"","ping_status":"","sticky":false,"template":"","format":"standard","meta":{"footnotes":"","_share_on_mastodon":"0"},"categories":[4],"tags":[22,21,23],"class_list":["post-290219","post","type-post","status-publish","format-standard","has-post-thumbnail","category-actualites","tag-actualites","tag-news","tag-suisse"],"share_on_mastodon":{"url":"https:\/\/pubeurope.com\/@ch_fr\/117208924979004676","error":""},"_links":{"self":[{"href":"https:\/\/www.europesays.com\/ch-fr\/wp-json\/wp\/v2\/posts\/290219","targetHints":{"allow":["GET"]}}],"collection":[{"href":"https:\/\/www.europesays.com\/ch-fr\/wp-json\/wp\/v2\/posts"}],"about":[{"href":"https:\/\/www.europesays.com\/ch-fr\/wp-json\/wp\/v2\/types\/post"}],"author":[{"embeddable":true,"href":"https:\/\/www.europesays.com\/ch-fr\/wp-json\/wp\/v2\/users\/2"}],"replies":[{"embeddable":true,"href":"https:\/\/www.europesays.com\/ch-fr\/wp-json\/wp\/v2\/comments?post=290219"}],"version-history":[{"count":0,"href":"https:\/\/www.europesays.com\/ch-fr\/wp-json\/wp\/v2\/posts\/290219\/revisions"}],"wp:featuredmedia":[{"embeddable":true,"href":"https:\/\/www.europesays.com\/ch-fr\/wp-json\/wp\/v2\/media\/290220"}],"wp:attachment":[{"href":"https:\/\/www.europesays.com\/ch-fr\/wp-json\/wp\/v2\/media?parent=290219"}],"wp:term":[{"taxonomy":"category","embeddable":true,"href":"https:\/\/www.europesays.com\/ch-fr\/wp-json\/wp\/v2\/categories?post=290219"},{"taxonomy":"post_tag","embeddable":true,"href":"https:\/\/www.europesays.com\/ch-fr\/wp-json\/wp\/v2\/tags?post=290219"}],"curies":[{"name":"wp","href":"https:\/\/api.w.org\/{rel}","templated":true}]}}