{"id":290221,"date":"2026-09-03T20:13:36","date_gmt":"2026-09-03T20:13:36","guid":{"rendered":"https:\/\/www.europesays.com\/ch-fr\/290221\/"},"modified":"2026-09-03T20:13:36","modified_gmt":"2026-09-03T20:13:36","slug":"le-site-archeologique-saint-antoine-rend-enfin-accessibles-au-public-des-pans-de-lhistoire-genevoise","status":"publish","type":"post","link":"https:\/\/www.europesays.com\/ch-fr\/290221\/","title":{"rendered":"Le Site arch\u00e9ologique Saint-Antoine rend enfin accessibles au public des pans de l\u2019Histoire genevoise"},"content":{"rendered":"<p>Ce jeudi matin, la promenade Saint-Antoine est baign\u00e9e de soleil. L\u2019ombre des jeunes micocouliers est bien timide. C\u2019est justement en arrachant les vieux arbres de l\u2019esplanade qu\u2019ont \u00e9t\u00e9 faites, en 2012, les premi\u00e8res d\u00e9couvertes qui ont conduit au Site arch\u00e9ologique Saint-Antoine (SaSA) dissimul\u00e9 sous nos pas, nourries aussi de recherches plus anciennes. C\u2019est\u00a0dire que ce pass\u00e9 n\u2019\u00e9tait pas enfoui tr\u00e8s profond\u00e9ment. Il a pourtant \u00e9t\u00e9 bien prot\u00e9g\u00e9, notamment par les remblais utilis\u00e9s pour prot\u00e9ger le mottet de Saint-Laurent, un ancien bastion construit en 1537, dans la foul\u00e9e de l\u2019adoption de la R\u00e9forme protestante, li\u00e9e \u00e0 une ind\u00e9pendance politique qu\u2019il faut pouvoir d\u00e9fendre.\u00a0Le mottet est d\u00e9sormais clairement visible, comme le bastion de 1560, dont on pouvait d\u00e9j\u00e0 voir des pans dans le parking voisin.<\/p>\n<p>Les trois blocs de b\u00e9ton pos\u00e9s sur l\u2019esplanade, con\u00e7us par les architectes qui ont gagn\u00e9 le projet (Atelier_Traces \u00e0 Gen\u00e8ve et Estar arquitectos en Espagne), n\u2019\u00e9voquent gu\u00e8re le site arch\u00e9ologique, m\u00eame si chacun correspond \u00e0 une des trois s\u00e9quences historiques d\u00e9voil\u00e9es. Les fen\u00eatres de ces lanterneaux permettent de plonger le regard sur quelques portions, mais il faut descendre pour appr\u00e9cier toute la puissance m\u00e9morielle du site. On a l\u2019impression d\u2019entrer dans un cimeti\u00e8re dont tous les morts se seraient absent\u00e9s.<\/p>\n","protected":false},"excerpt":{"rendered":"Ce jeudi matin, la promenade Saint-Antoine est baign\u00e9e de soleil. L\u2019ombre des jeunes micocouliers est bien timide. C\u2019est&hellip;\n","protected":false},"author":2,"featured_media":290222,"comment_status":"","ping_status":"","sticky":false,"template":"","format":"standard","meta":{"footnotes":"","_share_on_mastodon":"0"},"categories":[17],"tags":[10072,170,169,174,23],"class_list":["post-290221","post","type-post","status-publish","format-standard","has-post-thumbnail","category-geneve","tag-archeologie","tag-geneva","tag-geneve","tag-premium","tag-suisse"],"share_on_mastodon":{"url":"https:\/\/pubeurope.com\/@ch_fr\/117208940833498631","error":""},"_links":{"self":[{"href":"https:\/\/www.europesays.com\/ch-fr\/wp-json\/wp\/v2\/posts\/290221","targetHints":{"allow":["GET"]}}],"collection":[{"href":"https:\/\/www.europesays.com\/ch-fr\/wp-json\/wp\/v2\/posts"}],"about":[{"href":"https:\/\/www.europesays.com\/ch-fr\/wp-json\/wp\/v2\/types\/post"}],"author":[{"embeddable":true,"href":"https:\/\/www.europesays.com\/ch-fr\/wp-json\/wp\/v2\/users\/2"}],"replies":[{"embeddable":true,"href":"https:\/\/www.europesays.com\/ch-fr\/wp-json\/wp\/v2\/comments?post=290221"}],"version-history":[{"count":0,"href":"https:\/\/www.europesays.com\/ch-fr\/wp-json\/wp\/v2\/posts\/290221\/revisions"}],"wp:featuredmedia":[{"embeddable":true,"href":"https:\/\/www.europesays.com\/ch-fr\/wp-json\/wp\/v2\/media\/290222"}],"wp:attachment":[{"href":"https:\/\/www.europesays.com\/ch-fr\/wp-json\/wp\/v2\/media?parent=290221"}],"wp:term":[{"taxonomy":"category","embeddable":true,"href":"https:\/\/www.europesays.com\/ch-fr\/wp-json\/wp\/v2\/categories?post=290221"},{"taxonomy":"post_tag","embeddable":true,"href":"https:\/\/www.europesays.com\/ch-fr\/wp-json\/wp\/v2\/tags?post=290221"}],"curies":[{"name":"wp","href":"https:\/\/api.w.org\/{rel}","templated":true}]}}