{"id":290225,"date":"2026-09-03T20:16:17","date_gmt":"2026-09-03T20:16:17","guid":{"rendered":"https:\/\/www.europesays.com\/ch-fr\/290225\/"},"modified":"2026-09-03T20:16:17","modified_gmt":"2026-09-03T20:16:17","slug":"les-trente-sept-expos-les-plus-attendues-de-la-rentree-2026-a-paris-et-partout-en-france-telerama","status":"publish","type":"post","link":"https:\/\/www.europesays.com\/ch-fr\/290225\/","title":{"rendered":"Les trente-sept expos les plus attendues de la rentr\u00e9e 2026 \u00e0 Paris et partout en France &#8211; T\u00e9l\u00e9rama"},"content":{"rendered":"<p><a href=\"https:\/\/news.google.com\/rss\/articles\/CBMi2AFBVV95cUxNSW80Y1ktOVcwNkVFdDEzc3p3bV83Skw4RFpLQjJaX1lEMmhmNWRPMDltd3kxMnQ1V3dzd1lOdWZab1pHaXJKc3hwdk1QN0d0QUdJcFAwQTdvc3ROWVpBSDdMQ2hfQnhsdTlaR1FKVVhuS21CZUt3a2EzSW5EQnpHLTJ1S2czNC1ZWmVaM2U3WjAwaTVSV2NLbEIyZ19WVTYtZ2o4VWRjeGZzd0dLODc1MjNNb0JFLWF1NkFKbExielhWNEFPRWVZRXMwYzdHSlR0Q1V4YTRyal8?oc=5\" target=\"_blank\" rel=\"nofollow noopener\">Les trente-sept expos les plus attendues de la rentr\u00e9e 2026 \u00e0 Paris et partout en France<\/a>&nbsp;&nbsp;T\u00e9l\u00e9rama<a href=\"https:\/\/news.google.com\/rss\/articles\/CBMiogFBVV95cUxOSS1VSUZZalJqaGlRZ01qbzlRT0xIUXEyTEFCMXNsczVkNHJfV09ULXFTQVpBRGxibklzXzk5cVZya01DSFRpSF9WRllmb0Z3WUE0VnFBUE5aOXpvWDhjc2FQNlJRWC1IMDJWdVRrVFBaTEpmV21kcVUyQ1VDUEhtbDczZmRRbWcxMjdfdldtcnVuaDB1TGhBRXpCa2hWbkdndWc?oc=5\" target=\"_blank\" rel=\"nofollow noopener\">Les 9 expositions \u00e0 voir (absolument) en septembre 2026 \u00e0 Paris<\/a>&nbsp;&nbsp;Time Out Paris<a href=\"https:\/\/news.google.com\/rss\/articles\/CBMi1wFBVV95cUxQVkRkc0ZjcUw3SEdSLVZZd2ZwT0RjSmE5RkFiUmV3Y3lXME00RXRZWUdEb2JmVEh1OXZsZDNEZm55YVhFYTM2UUhMQjVaUGRtVWpQaXBMRDBUOENoQ05Rcm9PUWpZOUZlUmRRTWxlVXBOdjFWcG5nUjRsOUhrTVEwSXBtaVdFR2pfSXlxcl90OFd0TTJrbDY3TzlLOU1MZXlKdERQdzZua2JLTjZ3N25FalR6MktlZ2c4RkRLc3o4cFUxLS1SNU8zaHVmUXJwTzdOMHltVFdhRQ?oc=5\" target=\"_blank\" rel=\"nofollow noopener\">Expositions de la rentr\u00e9e \u00e0 Paris : 5 rendez-vous culturels d\u2019art et de mode \u00e0 visiter sans plus attendre !<\/a>&nbsp;&nbsp;challenges.fr<a href=\"https:\/\/news.google.com\/rss\/articles\/CBMiugFBVV95cUxPNVpKQXRzdjdMV0h6YWw0T0o4bC05MDV0cm1zMllfaThMaThnRk94WEpiaFlCODZWc0dPNWc3dVpkWFFMYmZNVEdyQWdVbUUwUkVnaTk2aFQ0V2s3MjJOa1hSN0xlU3J5Y3FSQnpURnZMNzB6WVdSeDNQZ1FqRkk1alhuZHZHWl9oTzlxUEM0U0JHY0VDM1lQRlNfYmFhc3h1eW9yek9pdHF1a0lYVTRDakNiUjMtRnBzREE?oc=5\" target=\"_blank\" rel=\"nofollow noopener\">Les dix expositions les plus attendues de la rentr\u00e9e \u00e0 Paris<\/a>&nbsp;&nbsp;franceinfo<a href=\"https:\/\/news.google.com\/rss\/articles\/CBMijwFBVV95cUxPbFNTUldSdHFFRkdKVVhYODg3Z0dfRHBvcUFNcmFrQlBJcEQ2Qy1neEYzdEs0TGlsYl9pVmpfbnN2QW1WTEdYWTJFOFVRZkNaWnR0TmJRVXNhaEl3QjBwU3daZHhaenZ3R3pySzBuYmFWN0NIcEJROEY1RkFGU1NWWl9abjdsMTE1RVJvNjFtWQ?oc=5\" target=\"_blank\" rel=\"nofollow noopener\">6 expositions \u00e0 voir absolument en septembre \u00e0 Paris<\/a>&nbsp;&nbsp;Vogue France<\/p>\n","protected":false},"excerpt":{"rendered":"Les trente-sept expos les plus attendues de la rentr\u00e9e 2026 \u00e0 Paris et partout en France&nbsp;&nbsp;T\u00e9l\u00e9ramaLes 9 expositions&hellip;\n","protected":false},"author":2,"featured_media":290226,"comment_status":"","ping_status":"","sticky":false,"template":"","format":"standard","meta":{"footnotes":"","_share_on_mastodon":"0"},"categories":[14],"tags":[155,156,113,112,23],"class_list":["post-290225","post","type-post","status-publish","format-standard","has-post-thumbnail","category-arts-et-design","tag-arts-and-design","tag-arts-et-design","tag-divertissement","tag-entertainment","tag-suisse"],"share_on_mastodon":{"url":"https:\/\/pubeurope.com\/@ch_fr\/117208952919265086","error":""},"_links":{"self":[{"href":"https:\/\/www.europesays.com\/ch-fr\/wp-json\/wp\/v2\/posts\/290225","targetHints":{"allow":["GET"]}}],"collection":[{"href":"https:\/\/www.europesays.com\/ch-fr\/wp-json\/wp\/v2\/posts"}],"about":[{"href":"https:\/\/www.europesays.com\/ch-fr\/wp-json\/wp\/v2\/types\/post"}],"author":[{"embeddable":true,"href":"https:\/\/www.europesays.com\/ch-fr\/wp-json\/wp\/v2\/users\/2"}],"replies":[{"embeddable":true,"href":"https:\/\/www.europesays.com\/ch-fr\/wp-json\/wp\/v2\/comments?post=290225"}],"version-history":[{"count":0,"href":"https:\/\/www.europesays.com\/ch-fr\/wp-json\/wp\/v2\/posts\/290225\/revisions"}],"wp:featuredmedia":[{"embeddable":true,"href":"https:\/\/www.europesays.com\/ch-fr\/wp-json\/wp\/v2\/media\/290226"}],"wp:attachment":[{"href":"https:\/\/www.europesays.com\/ch-fr\/wp-json\/wp\/v2\/media?parent=290225"}],"wp:term":[{"taxonomy":"category","embeddable":true,"href":"https:\/\/www.europesays.com\/ch-fr\/wp-json\/wp\/v2\/categories?post=290225"},{"taxonomy":"post_tag","embeddable":true,"href":"https:\/\/www.europesays.com\/ch-fr\/wp-json\/wp\/v2\/tags?post=290225"}],"curies":[{"name":"wp","href":"https:\/\/api.w.org\/{rel}","templated":true}]}}