{"id":290231,"date":"2026-09-03T20:19:24","date_gmt":"2026-09-03T20:19:24","guid":{"rendered":"https:\/\/www.europesays.com\/ch-fr\/290231\/"},"modified":"2026-09-03T20:19:24","modified_gmt":"2026-09-03T20:19:24","slug":"saint-jean-de-monts-le-cine-monts-effectue-sa-rentree-avec-les-seances-a-5-e","status":"publish","type":"post","link":"https:\/\/www.europesays.com\/ch-fr\/290231\/","title":{"rendered":"Saint-Jean-de-Monts. Le Cin\u00e9-Monts effectue sa rentr\u00e9e avec les s\u00e9ances \u00e0 5\u00a0\u20ac"},"content":{"rendered":"<p data-ofstats-scroll=\"read_depth_10\">\u00a0La saison estivale a \u00e9t\u00e9 satisfaisante tant au niveau de l\u2019attrait des films pour tous publics que de la fr\u00e9quentation, annonce Odile Mergault, b\u00e9n\u00e9vole au cin\u00e9ma associatif Cin\u00e9-Monts. Place maintenant \u00e0 la sixi\u00e8me \u00e9dition de la rentr\u00e9e du Cin\u00e9-Monts.\u00a0<\/p>\n<p data-ofstats-scroll=\"read_depth_60\">Ils sont quelques b\u00e9n\u00e9voles et deux salari\u00e9s \u00a0\u00e0 avoir choisi une programmation riche en propositions. Toutes les s\u00e9ances sont au m\u00eame tarif de 5\u00a0\u20ac durant tout le mois de septembre\u00a0\u00bb. Apr\u00e8s l\u2019ouverture le 1er septembre par \u00ab\u00a0Le grand raccourci\u00a0\u00bb, com\u00e9die de deux jeunes nantais, ce festival se terminera le 30 septembre par \u00ab\u00a0Quelques mots d\u2019amour\u00a0\u00bb, \u00a0une com\u00e9die dramatique pr\u00e9sent\u00e9e en avant-premi\u00e8re\u00a0\u00bb. Des films cultes sont \u00e9galement au programme comme \u00ab\u00a0Midnight Express\u00a0\u00bb et \u00ab\u00a0Kill Bill 1 et 2\u00a0\u00bb. \u00a0Cannes (Alpes-Maritimes) sera bien repr\u00e9sent\u00e9e avec \u201c Fjord \u201d, la palme d\u2019or, \u201c La Vie d\u2019une femme \u201d et \u201c Le triangle d\u2019or \u201d.\u00a0<\/p>\n<p data-ofstats-scroll=\"read_depth_90\">Pas moins de 30\u00a0films sont propos\u00e9s dont deux s\u00e9ances art et essai avec \u00ab\u00a0Notre histoire, chroniques du Caire\u00a0\u00bb et \u00ab\u00a0The last viking\u00a0\u00bb. \u00a0Les s\u00e9ances d\u2019art et essai sont accessibles \u00e0 tous.\u00a0 Sans oublier deux cin\u00e9s d\u00e9bats, le 18\u00a0septembre avec \u00ab\u00a0Deux femmes et quelques hommes\u00a0\u00bb et le 25\u00a0septembre avec \u00ab\u00a0Laisse pas ton corps au vestiaire\u00a0\u00bb.<\/p>\n<p data-ofstats-scroll=\"read_depth_100\">Du 1er au 30\u00a0septembre, s\u00e9ance \u00e0 5\u00a0\u20ac au Cin\u00e9-Monts. Programme et r\u00e9servations possibles sur www.cinemonts.fr<\/p>\n","protected":false},"excerpt":{"rendered":"\u00a0La saison estivale a \u00e9t\u00e9 satisfaisante tant au niveau de l\u2019attrait des films pour tous publics que de&hellip;\n","protected":false},"author":2,"featured_media":290232,"comment_status":"","ping_status":"","sticky":false,"template":"","format":"standard","meta":{"footnotes":"","_share_on_mastodon":"0"},"categories":[11],"tags":[113,112,139,138,137,37419,23],"class_list":["post-290231","post","type-post","status-publish","format-standard","has-post-thumbnail","category-films","tag-divertissement","tag-entertainment","tag-film","tag-films","tag-movies","tag-saint-jean-de-monts","tag-suisse"],"share_on_mastodon":{"url":"https:\/\/pubeurope.com\/@ch_fr\/117208964570244226","error":""},"_links":{"self":[{"href":"https:\/\/www.europesays.com\/ch-fr\/wp-json\/wp\/v2\/posts\/290231","targetHints":{"allow":["GET"]}}],"collection":[{"href":"https:\/\/www.europesays.com\/ch-fr\/wp-json\/wp\/v2\/posts"}],"about":[{"href":"https:\/\/www.europesays.com\/ch-fr\/wp-json\/wp\/v2\/types\/post"}],"author":[{"embeddable":true,"href":"https:\/\/www.europesays.com\/ch-fr\/wp-json\/wp\/v2\/users\/2"}],"replies":[{"embeddable":true,"href":"https:\/\/www.europesays.com\/ch-fr\/wp-json\/wp\/v2\/comments?post=290231"}],"version-history":[{"count":0,"href":"https:\/\/www.europesays.com\/ch-fr\/wp-json\/wp\/v2\/posts\/290231\/revisions"}],"wp:featuredmedia":[{"embeddable":true,"href":"https:\/\/www.europesays.com\/ch-fr\/wp-json\/wp\/v2\/media\/290232"}],"wp:attachment":[{"href":"https:\/\/www.europesays.com\/ch-fr\/wp-json\/wp\/v2\/media?parent=290231"}],"wp:term":[{"taxonomy":"category","embeddable":true,"href":"https:\/\/www.europesays.com\/ch-fr\/wp-json\/wp\/v2\/categories?post=290231"},{"taxonomy":"post_tag","embeddable":true,"href":"https:\/\/www.europesays.com\/ch-fr\/wp-json\/wp\/v2\/tags?post=290231"}],"curies":[{"name":"wp","href":"https:\/\/api.w.org\/{rel}","templated":true}]}}