{"id":290237,"date":"2026-09-03T20:22:16","date_gmt":"2026-09-03T20:22:16","guid":{"rendered":"https:\/\/www.europesays.com\/ch-fr\/290237\/"},"modified":"2026-09-03T20:22:16","modified_gmt":"2026-09-03T20:22:16","slug":"us-open-auger-aliassime-elimine-des-le-deuxieme-tour","status":"publish","type":"post","link":"https:\/\/www.europesays.com\/ch-fr\/290237\/","title":{"rendered":"US Open: Auger-Aliassime \u00e9limin\u00e9 d\u00e8s le deuxi\u00e8me tour"},"content":{"rendered":"\n<p>        \u2013   <\/p>\n<p> La t\u00eate de s\u00e9rie N\u00b0\u00a03 Auger-Aliassime prend la porte au deuxi\u00e8me tour <\/p>\n<p class=\"lead regular externalicon-big astro-odojtzmo\"> Le Canadien, 4e\u00a0joueur au classement ATP, s\u2019est inclin\u00e9 face \u00e0 Karen Khachanov en quatre sets apr\u00e8s avoir remport\u00e9 la premi\u00e8re manche.  <\/p>\n<p>     Publi\u00e9 aujourd\u2019hui \u00e0 21h43   <\/p>\n<p>                        LinkedIn Lien copi\u00e9 Error occurred        Facebook Lien copi\u00e9 Error occurred        X Lien copi\u00e9 Error occurred           E-mail Lien copi\u00e9 Error occurred        Copier le lien Lien copi\u00e9 Error occurred                    <img decoding=\"async\" loading=\"eager\" fetchpriority=\"high\" src=\"https:\/\/www.europesays.com\/ch-fr\/wp-content\/uploads\/2026\/09\/AI_7F-YoKo-A-45-uuEeD8.jpg\" data-image-url=\"https:\/\/www.europesays.com\/ch-fr\/wp-content\/uploads\/2026\/09\/AI_7F-YoKo-A-45-uuEeD8.jpg\" alt=\"Felix Auger-Aliassime frappe un retour lors de son match du 2e tour de l\u2019US Open face \u00e0 Karen Khachanov \u00e0 New York.\" title=\"Felix Auger-Aliassime frappe un retour lors de son match du 2e tour de l\u2019US Open face \u00e0 Karen Khachanov \u00e0 New York.\" class=\"ResponsiveImage responsive-image astro-xbt4piv4\" style=\"background-color:#476574\" onload=\"this.style.backgroundColor = &quot;transparent&quot;\"\/>           <\/p>\n<p>F\u00e9lix Auger-Aliassime a \u00e9t\u00e9 battu en quatre sets par Karen Khachanov jeudi lors du deuxi\u00e8me tour de l\u2019US Open 2026.<\/p>\n<p>TIMOTHY A. CLARY\/AFP<\/p>\n<p class=\"astro-gkn4pfbc articleParagraph externalicon-big focus _content-width article-element astro-bqhs6jcx\">Le Canadien F\u00e9lix Auger-Aliassime, t\u00eate de s\u00e9rie N\u00b0\u00a03 du tournoi, a \u00e9t\u00e9 stopp\u00e9 au deuxi\u00e8me tour de l\u2019<a class=\" astro-bqhs6jcx\" target=\"_blank\" rel=\"noopener noreferrer nofollow\" href=\"https:\/\/www.usopen.org\/index.html\" data-article-link=\"https:\/\/www.usopen.org\/index.html\">US Open<\/a> jeudi par le Russe Karen Khachanov, 50e\u00a0joueur mondial, qui l\u2019a battu 6-7 (5\/7), 6-3, 6-2, 6-2 en 3\u00a0h\u00a017.<\/p>\n<p class=\"astro-gkn4pfbc articleParagraph externalicon-big focus _content-width article-element astro-bqhs6jcx\">Cette sortie pr\u00e9coce du Canadien de 26\u00a0ans, deux fois demi-finaliste \u00e0 <a class=\"noExternalIcon astro-bqhs6jcx\" target=\"_self\" href=\"https:\/\/www.24heures.ch\/us-open-belinda-bencic-eliminee-des-le-premier-tour-414751436706\" data-article-link=\"https:\/\/www.24heures.ch\/us-open-belinda-bencic-eliminee-des-le-premier-tour-414751436706\" rel=\"nofollow noopener\">New York<\/a> (2021 et 2025), est une surprise, d\u2019autant plus qu\u2019il figurait dans une partie de tableau plut\u00f4t \u00e9pargn\u00e9e.<\/p>\n<p>  47\u00a0fautes directes pour Auger-Aliassime<\/p>\n<p class=\"astro-gkn4pfbc articleParagraph externalicon-big focus _content-width article-element astro-bqhs6jcx\">Face \u00e0 Khachanov, demi-finaliste en 2022, le 4e\u00a0mondial a d\u2019abord remport\u00e9 un premier set tr\u00e8s disput\u00e9 avant de sombrer physiquement et dans le jeu. Le Canadien a encha\u00een\u00e9 les fautes directes (47) et a aussi \u00e9t\u00e9 \u00e0 la peine au service, avec seulement 58% de premi\u00e8re balle et huit doubles fautes.<\/p>\n<p class=\"astro-gkn4pfbc articleParagraph externalicon-big focus _content-width article-element astro-bqhs6jcx\">Apr\u00e8s un abandon au premier tour \u00e0 Melbourne et deux \u00e9liminations en quarts de finale \u00e0 Roland-Garros et Wimbledon, Auger-Aliassime a annonc\u00e9 au d\u00e9but de l\u2019\u00e9t\u00e9 qu\u2019il se s\u00e9parait de son entra\u00eeneur fran\u00e7ais Fr\u00e9d\u00e9ric Fontang, avec qui il collaborait depuis pr\u00e8s de dix ans.<\/p>\n<p class=\"astro-gkn4pfbc articleParagraph externalicon-big focus _content-width article-element astro-bqhs6jcx\">Khachanov affrontera au troisi\u00e8me tour le vainqueur du match entre le Fran\u00e7ais Benjamin Bonzi (97e) et le P\u00e9ruvien Ignacio Buse (30e).<\/p>\n<p class=\"boxtitle astro-hwrdf5ss astro-bqhs6jcx\">Lire aussi sur l\u2019US Open 2026<\/p>\n<p>      Newsletter    <\/p>\n<p>\u00abFitness\u00bb<\/p>\n<p> Entra\u00eenement, nutrition, d\u00e9couverte et t\u00e9moignages pour atteindre vos objectifs. Chaque samedi. <\/p>\n<p class=\"astro-2yzsvld2\"> <a class=\"more astro-2yzsvld2\" href=\"https:\/\/www.24heures.ch\/nos-newsletters\" rel=\"nofollow noopener\" target=\"_blank\"> Autres newsletters <\/a> <\/p>\n<p>       Se connecter       <\/p>\n","protected":false},"excerpt":{"rendered":"\u2013 La t\u00eate de s\u00e9rie N\u00b0\u00a03 Auger-Aliassime prend la porte au deuxi\u00e8me tour Le Canadien, 4e\u00a0joueur au classement&hellip;\n","protected":false},"author":2,"featured_media":290238,"comment_status":"","ping_status":"","sticky":false,"template":"","format":"standard","meta":{"footnotes":"","_share_on_mastodon":"0"},"categories":[8],"tags":[11309,75,23],"class_list":["post-290237","post","type-post","status-publish","format-standard","has-post-thumbnail","category-sports","tag-facts","tag-sports","tag-suisse"],"share_on_mastodon":{"url":"https:\/\/pubeurope.com\/@ch_fr\/117208976905417488","error":""},"_links":{"self":[{"href":"https:\/\/www.europesays.com\/ch-fr\/wp-json\/wp\/v2\/posts\/290237","targetHints":{"allow":["GET"]}}],"collection":[{"href":"https:\/\/www.europesays.com\/ch-fr\/wp-json\/wp\/v2\/posts"}],"about":[{"href":"https:\/\/www.europesays.com\/ch-fr\/wp-json\/wp\/v2\/types\/post"}],"author":[{"embeddable":true,"href":"https:\/\/www.europesays.com\/ch-fr\/wp-json\/wp\/v2\/users\/2"}],"replies":[{"embeddable":true,"href":"https:\/\/www.europesays.com\/ch-fr\/wp-json\/wp\/v2\/comments?post=290237"}],"version-history":[{"count":0,"href":"https:\/\/www.europesays.com\/ch-fr\/wp-json\/wp\/v2\/posts\/290237\/revisions"}],"wp:featuredmedia":[{"embeddable":true,"href":"https:\/\/www.europesays.com\/ch-fr\/wp-json\/wp\/v2\/media\/290238"}],"wp:attachment":[{"href":"https:\/\/www.europesays.com\/ch-fr\/wp-json\/wp\/v2\/media?parent=290237"}],"wp:term":[{"taxonomy":"category","embeddable":true,"href":"https:\/\/www.europesays.com\/ch-fr\/wp-json\/wp\/v2\/categories?post=290237"},{"taxonomy":"post_tag","embeddable":true,"href":"https:\/\/www.europesays.com\/ch-fr\/wp-json\/wp\/v2\/tags?post=290237"}],"curies":[{"name":"wp","href":"https:\/\/api.w.org\/{rel}","templated":true}]}}