{"id":290239,"date":"2026-09-03T20:23:15","date_gmt":"2026-09-03T20:23:15","guid":{"rendered":"https:\/\/www.europesays.com\/ch-fr\/290239\/"},"modified":"2026-09-03T20:23:15","modified_gmt":"2026-09-03T20:23:15","slug":"ecran-oled-de-1-100-nits-moins-dun-kilo-lenovo-lance-un-nouvel-ordinateur-portable-ultra-compact-de-14-pouces","status":"publish","type":"post","link":"https:\/\/www.europesays.com\/ch-fr\/290239\/","title":{"rendered":"\u00c9cran OLED de 1 100 nits, moins d&rsquo;un kilo : Lenovo lance un nouvel ordinateur portable ultra-compact de 14 pouces"},"content":{"rendered":"<p class=\"bodytext\">Lenovo a initialement lanc\u00e9 le ThinkBook 14x fin juin, \u00e9quip\u00e9 des processeurs Intel Lunar Lake. Quelques mois plus tard \u00e0 peine, Lenovo vient de lancer le ThinkBook 14x Gen 2 \u00e9quip\u00e9 des <a href=\"https:\/\/www.notebookcheck.biz\/Test-du-Lenovo-IdeaPad-Slim-3-15IWC11-les-debuts-de-l-Intel-Wildcat-Lake-Core-7-350.1331633.0.html\" target=\"_self\" class=\"internal-link\" rel=\"nofollow noopener\">puces<\/a> <a href=\"https:\/\/www.notebookcheck.biz\/Test-du-Lenovo-IdeaPad-Slim-3-15IWC11-les-debuts-de-l-Intel-Wildcat-Lake-Core-7-350.1331633.0.html\" target=\"_self\" class=\"internal-link\" rel=\"nofollow noopener\">Intel Wildcat Lake<\/a>, ainsi qu\u2019une nouvelle variante du ThinkBook 14 Gen 9. Le nouveau ThinkBook 14x Gen 2 conserve le design m\u00e9tallique et l\u2019ultraportabilit\u00e9 du ThinkBook 14x pr\u00e9c\u00e9dent.<\/p>\n<p class=\"bodytext\">Le nouveau Lenovo ThinkBook 14x Gen 2 ne mesure que 12,9 \u00e0 15,6 mm d\u2019\u00e9paisseur et ne p\u00e8se que 990 g (2,18 lb). Cet ordinateur portable est \u00e9quip\u00e9 de processeurs Intel Core 7 (s\u00e9rie 3), de jusqu\u2019\u00e0 32 Go de m\u00e9moire vive LPDDR5x-7467 et d\u2019une capacit\u00e9 de stockage de 2 To. Vous pourrez augmenter la capacit\u00e9 de stockage de l\u2019ordinateur portable ult\u00e9rieurement gr\u00e2ce \u00e0 la pr\u00e9sence d\u2019un SSD M.2 2242 (d\u00e9j\u00e0 occup\u00e9 \u00e0 la livraison) et d\u2019un SSD M.2 2280.<\/p>\n<p class=\"bodytext\">L&rsquo;ensemble est compl\u00e9t\u00e9 par une puce Wi-Fi 6E\/7 et une batterie de 54,7 Wh ou 65 Wh, rechargeable \u00e0 l\u2019aide de l\u2019adaptateur Type-C de 65 W fourni.<\/p>\n<p class=\"bodytext\">La face avant de l\u2019ordinateur portable est occup\u00e9e par un \u00e9cran de 14 pouces \u00e0 120 Hz. Les utilisateurs ont le choix entre :<\/p>\n<p> Une dalle IPS 1 200p \u00e0 120 Hz, avec une luminosit\u00e9 de 400 nits et une couverture de 100 % de l&rsquo;espace colorim\u00e9trique sRGBUn \u00e9cran OLED de 1 800p \u00e0 120 Hz, avec une luminosit\u00e9 de 500 nits en SDR et de 1 100 nits en HDR, et une couverture de 100 % de l\u2019espace colorim\u00e9trique DCI-P3<\/p>\n<p class=\"bodytext\">La dalle IPS peut \u00eatre \u00e9quip\u00e9e en option d&rsquo;une fonction tactile. Au-dessus de l&rsquo;\u00e9cran se trouve une webcam FHD dot\u00e9e d&rsquo;un \u00e9metteur IR permettant une connexion s\u00e9curis\u00e9e par reconnaissance faciale.<\/p>\n<p class=\"bodytext\">C\u00f4t\u00e9 connectique, vous disposez de :<\/p>\n<p>Deux ports USB 3.2 Gen 2 de type CDeux ports USB 3.2 Gen 1 de type AUne sortie HDMI 2.1Une prise audio de 3,5 mm<\/p>\n<p class=\"bodytext\">Il n&rsquo;y a pas de lecteur de carte SD int\u00e9gr\u00e9, ce qui est logique puisque le ThinkBook 14x Gen 2 n&rsquo;est pas un ordinateur portable destin\u00e9 aux cr\u00e9ateurs.<\/p>\n<p class=\"bodytext\">Enfin, le Lenovo ThinkBook 14x Gen 2 sera disponible en quatre coloris : Blanc c\u00e9leste, Gris lunaire, Bleu voile et Violet mystique.<\/p>\n<p class=\"bodytext\">Le Lenovo ThinkBook 14x Gen 2 sera disponible au premier trimestre 2027, \u00e0 un prix de d\u00e9part de 999,99 $.<\/p>\n","protected":false},"excerpt":{"rendered":"Lenovo a initialement lanc\u00e9 le ThinkBook 14x fin juin, \u00e9quip\u00e9 des processeurs Intel Lunar Lake. Quelques mois plus&hellip;\n","protected":false},"author":2,"featured_media":290240,"comment_status":"","ping_status":"","sticky":false,"template":"","format":"standard","meta":{"footnotes":"","_share_on_mastodon":"0"},"categories":[7],"tags":[74,63220,63222,63219,63221,70,72,71,61,57,59,58,23,60,62,73],"class_list":["post-290239","post","type-post","status-publish","format-standard","has-post-thumbnail","category-sciences-et-technologies","tag-informations-sur-des-ordinateurs-portatifs","tag-lancement-du-lenovo-thinkbook-14x-gen-2","tag-lancement-du-lenovo-thinkbook-14x-gen-2-intel-wildcat-lake","tag-lenovo-thinkbook-14x-gen-2","tag-lenovo-thinkbook-14x-gen-2-intel-wildcat-lake","tag-nouvelles","tag-rapport","tag-revues","tag-science","tag-science-and-technology","tag-sciences","tag-sciences-et-technologies","tag-suisse","tag-technologies","tag-technology","tag-test"],"share_on_mastodon":{"url":"https:\/\/pubeurope.com\/@ch_fr\/117208980152682895","error":""},"_links":{"self":[{"href":"https:\/\/www.europesays.com\/ch-fr\/wp-json\/wp\/v2\/posts\/290239","targetHints":{"allow":["GET"]}}],"collection":[{"href":"https:\/\/www.europesays.com\/ch-fr\/wp-json\/wp\/v2\/posts"}],"about":[{"href":"https:\/\/www.europesays.com\/ch-fr\/wp-json\/wp\/v2\/types\/post"}],"author":[{"embeddable":true,"href":"https:\/\/www.europesays.com\/ch-fr\/wp-json\/wp\/v2\/users\/2"}],"replies":[{"embeddable":true,"href":"https:\/\/www.europesays.com\/ch-fr\/wp-json\/wp\/v2\/comments?post=290239"}],"version-history":[{"count":0,"href":"https:\/\/www.europesays.com\/ch-fr\/wp-json\/wp\/v2\/posts\/290239\/revisions"}],"wp:featuredmedia":[{"embeddable":true,"href":"https:\/\/www.europesays.com\/ch-fr\/wp-json\/wp\/v2\/media\/290240"}],"wp:attachment":[{"href":"https:\/\/www.europesays.com\/ch-fr\/wp-json\/wp\/v2\/media?parent=290239"}],"wp:term":[{"taxonomy":"category","embeddable":true,"href":"https:\/\/www.europesays.com\/ch-fr\/wp-json\/wp\/v2\/categories?post=290239"},{"taxonomy":"post_tag","embeddable":true,"href":"https:\/\/www.europesays.com\/ch-fr\/wp-json\/wp\/v2\/tags?post=290239"}],"curies":[{"name":"wp","href":"https:\/\/api.w.org\/{rel}","templated":true}]}}