{"id":290241,"date":"2026-09-03T20:24:12","date_gmt":"2026-09-03T20:24:12","guid":{"rendered":"https:\/\/www.europesays.com\/ch-fr\/290241\/"},"modified":"2026-09-03T20:24:12","modified_gmt":"2026-09-03T20:24:12","slug":"un-eboulement-est-imminent-sur-la-face-nord-du-santis","status":"publish","type":"post","link":"https:\/\/www.europesays.com\/ch-fr\/290241\/","title":{"rendered":"Un \u00e9boulement est imminent sur la face nord du S\u00e4ntis"},"content":{"rendered":"<p type=\"textBlockArray\" class=\"sc-96fb0400-2 bwOXSg\">Un pilote de la Rega a r\u00e9cemment rep\u00e9r\u00e9 une paroi rocheuse instable sur une falaise du massif du S\u00e4ntis, sous la pointe du Giren, lors d\u2019un vol de sauvetage. Les autorit\u00e9s des deux cantons d&rsquo;Appenzell ont mandat\u00e9 un bureau d\u2019experts en g\u00e9ologie afin d\u2019\u00e9valuer la situation. Leurs conclusions sont pr\u00e9occupantes.<\/p>\n<p type=\"textBlockArray\" class=\"sc-96fb0400-2 bwOXSg\">La zone pr\u00e9sente un risque d\u2019\u00e9boulement et les pierres pourraient atteindre certains secteurs de Schw\u00e4galp, dont l\u2019h\u00f4tel et le grand parking, pr\u00e9cise la maire de Hundwil, Margrit M\u00fcller, dans des propos rapport\u00e9s par Keystone-ATS. Le volume de roches susceptible de se d\u00e9tacher est estim\u00e9 entre 10&rsquo;000 et 15&rsquo;000 m\u00e8tres cubes.<\/p>\n<p>Chemin ferm\u00e9 aux pi\u00e9tons<\/p>\n<p type=\"textBlockArray\" class=\"sc-96fb0400-2 bwOXSg\">La gravi\u00e8re situ\u00e9e au-dessus de Siebenh\u00fctten se trouve dans la zone \u00e0 risque. Son exploitation a donc \u00e9t\u00e9 imm\u00e9diatement interrompue et son acc\u00e8s interdit. Le chemin rural traversant cette zone a \u00e9galement \u00e9t\u00e9 ferm\u00e9 aux pi\u00e9tons. Il reste toutefois ouvert aux voitures et aux v\u00e9los.<\/p>\n<p type=\"textBlockArray\" class=\"sc-96fb0400-2 bwOXSg\">Aucune restriction n\u2019est impos\u00e9e sur le sentier de randonn\u00e9e officiel reliant Schw\u00e4galp \u00e0 Siebenh\u00fctten. Situ\u00e9 en dehors de la zone de danger, il peut \u00eatre emprunt\u00e9 normalement.<\/p>\n<p>D\u2019autres investigations \u00e0 venir<\/p>\n<p type=\"textBlockArray\" class=\"sc-96fb0400-2 bwOXSg\">Dans les semaines \u00e0 venir, le bureau de g\u00e9ologie mandat\u00e9 par le canton m\u00e8nera d\u2019autres investigations afin de mieux \u00e9valuer la situation. Il sera ensuite d\u00e9cid\u00e9 si des mesures suppl\u00e9mentaires sont n\u00e9cessaires.<\/p>\n<p type=\"textBlockArray\" class=\"sc-96fb0400-2 bwOXSg\">La commune de Hundwil et le canton d\u2019Appenzell Rhodes-Ext\u00e9rieures appellent les randonneurs \u00e0 la responsabilit\u00e9 individuelle. Les interdictions doivent \u00eatre respect\u00e9es et il est imp\u00e9ratif de rester sur les sentiers balis\u00e9s et s\u00e9curis\u00e9s.<\/p>\n<p><a href=\"https:\/\/www.20min.ch\/fr\/auteurs\/15443618\/florian-osterwalder\" rel=\"nofollow noopener\" target=\"_blank\"><img decoding=\"async\" alt=\"Florian Osterwalder\" src=\"https:\/\/www.europesays.com\/ch-fr\/wp-content\/uploads\/2026\/09\/f4eaa252-33eb-4d3c-b4ea-e7f0c194beb5.jpeg\" class=\"sc-4c39d813-1 hkoNGh\"\/><\/a><\/p>\n<p class=\"sc-f19a47c0-1 jKqFcj\">Florian Osterwalder (fos) travaille pour 20 Minuten depuis 2021. Il est actuellement co-responsable de la rubrique Newsdesk.<\/p>\n","protected":false},"excerpt":{"rendered":"Un pilote de la Rega a r\u00e9cemment rep\u00e9r\u00e9 une paroi rocheuse instable sur une falaise du massif du&hellip;\n","protected":false},"author":2,"featured_media":290242,"comment_status":"","ping_status":"","sticky":false,"template":"","format":"standard","meta":{"footnotes":"","_share_on_mastodon":"0"},"categories":[6],"tags":[45,44,43,23],"class_list":["post-290241","post","type-post","status-publish","format-standard","has-post-thumbnail","category-economie","tag-business","tag-economie","tag-economy","tag-suisse"],"share_on_mastodon":{"url":"https:\/\/pubeurope.com\/@ch_fr\/117208984537458147","error":""},"_links":{"self":[{"href":"https:\/\/www.europesays.com\/ch-fr\/wp-json\/wp\/v2\/posts\/290241","targetHints":{"allow":["GET"]}}],"collection":[{"href":"https:\/\/www.europesays.com\/ch-fr\/wp-json\/wp\/v2\/posts"}],"about":[{"href":"https:\/\/www.europesays.com\/ch-fr\/wp-json\/wp\/v2\/types\/post"}],"author":[{"embeddable":true,"href":"https:\/\/www.europesays.com\/ch-fr\/wp-json\/wp\/v2\/users\/2"}],"replies":[{"embeddable":true,"href":"https:\/\/www.europesays.com\/ch-fr\/wp-json\/wp\/v2\/comments?post=290241"}],"version-history":[{"count":0,"href":"https:\/\/www.europesays.com\/ch-fr\/wp-json\/wp\/v2\/posts\/290241\/revisions"}],"wp:featuredmedia":[{"embeddable":true,"href":"https:\/\/www.europesays.com\/ch-fr\/wp-json\/wp\/v2\/media\/290242"}],"wp:attachment":[{"href":"https:\/\/www.europesays.com\/ch-fr\/wp-json\/wp\/v2\/media?parent=290241"}],"wp:term":[{"taxonomy":"category","embeddable":true,"href":"https:\/\/www.europesays.com\/ch-fr\/wp-json\/wp\/v2\/categories?post=290241"},{"taxonomy":"post_tag","embeddable":true,"href":"https:\/\/www.europesays.com\/ch-fr\/wp-json\/wp\/v2\/tags?post=290241"}],"curies":[{"name":"wp","href":"https:\/\/api.w.org\/{rel}","templated":true}]}}