{"id":290245,"date":"2026-09-03T20:26:17","date_gmt":"2026-09-03T20:26:17","guid":{"rendered":"https:\/\/www.europesays.com\/ch-fr\/290245\/"},"modified":"2026-09-03T20:26:17","modified_gmt":"2026-09-03T20:26:17","slug":"infirmiere-disparue-retrouvee-morte-decouverte-tragique-dans-les-bois-de-baulmes","status":"publish","type":"post","link":"https:\/\/www.europesays.com\/ch-fr\/290245\/","title":{"rendered":"Infirmi\u00e8re disparue retrouv\u00e9e morte: D\u00e9couverte tragique dans les bois de Baulmes"},"content":{"rendered":"<p>D\u00e9but juin, la gendarmerie du Doubs avait lanc\u00e9 un appel \u00e0 t\u00e9moins pour la \u00abdisparition inqui\u00e9tante\u00bb d\u2019une femme de 44 ans vivant \u00e0 Jougne (Haut-Doubs). Sa voiture, \u00e9tait-il alors pr\u00e9cis\u00e9, avait \u00e9t\u00e9 \u00abretrouv\u00e9e pr\u00e8s de la fronti\u00e8re suisse\u00bb, donc non loin de Vallorbe (VD). Cette quadrag\u00e9naire a \u00e9t\u00e9 retrouv\u00e9e sans vie, apprend-on ce jeudi.<\/p>\n<p>Son corps a \u00e9t\u00e9 trouv\u00e9 dans le canton de Vaud, dans les bois de Baulmes, le dimanche 23 ao\u00fbt, annonce le parquet de Besan\u00e7on, rapporte franceinfo.<\/p>\n<p>Ce sont des promeneurs qui sont tomb\u00e9s face \u00e0 \u00abun corps pendu\u00bb, a expliqu\u00e9\u00a0C\u00e9dric Logelin, procureur de la R\u00e9publique de Besan\u00e7on. La d\u00e9funte se trouvait dans un endroit isol\u00e9 et \u00abd\u00e9pourvu de chemins d&rsquo;acc\u00e8s\u00bb. Des expertises ADN men\u00e9es depuis ont confirm\u00e9 qu&rsquo;il s&rsquo;agit bien de la disparue. Rien n&rsquo;indique \u00abl&rsquo;intervention d&rsquo;un tiers\u00bb.<\/p>\n<p>La presse fran\u00e7aise pr\u00e9cisait lors de sa disparition que cette femme de 44 ans travaillait en Suisse. Une vaste battue avait \u00e9t\u00e9 organis\u00e9e pour retrouver la frontali\u00e8re, avec 250 citoyens qui s&rsquo;\u00e9taient r\u00e9unis, mais en vain.<\/p>\n","protected":false},"excerpt":{"rendered":"D\u00e9but juin, la gendarmerie du Doubs avait lanc\u00e9 un appel \u00e0 t\u00e9moins pour la \u00abdisparition inqui\u00e9tante\u00bb d\u2019une femme&hellip;\n","protected":false},"author":2,"featured_media":290246,"comment_status":"","ping_status":"","sticky":false,"template":"","format":"standard","meta":{"footnotes":"","_share_on_mastodon":"0"},"categories":[3],"tags":[23],"class_list":["post-290245","post","type-post","status-publish","format-standard","has-post-thumbnail","category-suisse","tag-suisse"],"share_on_mastodon":{"url":"https:\/\/pubeurope.com\/@ch_fr\/117208992154089649","error":""},"_links":{"self":[{"href":"https:\/\/www.europesays.com\/ch-fr\/wp-json\/wp\/v2\/posts\/290245","targetHints":{"allow":["GET"]}}],"collection":[{"href":"https:\/\/www.europesays.com\/ch-fr\/wp-json\/wp\/v2\/posts"}],"about":[{"href":"https:\/\/www.europesays.com\/ch-fr\/wp-json\/wp\/v2\/types\/post"}],"author":[{"embeddable":true,"href":"https:\/\/www.europesays.com\/ch-fr\/wp-json\/wp\/v2\/users\/2"}],"replies":[{"embeddable":true,"href":"https:\/\/www.europesays.com\/ch-fr\/wp-json\/wp\/v2\/comments?post=290245"}],"version-history":[{"count":0,"href":"https:\/\/www.europesays.com\/ch-fr\/wp-json\/wp\/v2\/posts\/290245\/revisions"}],"wp:featuredmedia":[{"embeddable":true,"href":"https:\/\/www.europesays.com\/ch-fr\/wp-json\/wp\/v2\/media\/290246"}],"wp:attachment":[{"href":"https:\/\/www.europesays.com\/ch-fr\/wp-json\/wp\/v2\/media?parent=290245"}],"wp:term":[{"taxonomy":"category","embeddable":true,"href":"https:\/\/www.europesays.com\/ch-fr\/wp-json\/wp\/v2\/categories?post=290245"},{"taxonomy":"post_tag","embeddable":true,"href":"https:\/\/www.europesays.com\/ch-fr\/wp-json\/wp\/v2\/tags?post=290245"}],"curies":[{"name":"wp","href":"https:\/\/api.w.org\/{rel}","templated":true}]}}