{"id":290249,"date":"2026-09-03T20:31:08","date_gmt":"2026-09-03T20:31:08","guid":{"rendered":"https:\/\/www.europesays.com\/ch-fr\/290249\/"},"modified":"2026-09-03T20:31:08","modified_gmt":"2026-09-03T20:31:08","slug":"le-grand-conseil-genevois-demande-une-revision-de-limpot-auto","status":"publish","type":"post","link":"https:\/\/www.europesays.com\/ch-fr\/290249\/","title":{"rendered":"Le Grand Conseil genevois demande une r\u00e9vision de l\u2019imp\u00f4t auto"},"content":{"rendered":"<p class=\"lead\">A Gen\u00e8ve, le nouvel imp\u00f4t sur les v\u00e9hicules rebondit au Grand Conseil. Alors que le gouvernement a annonc\u00e9 recourir contre deux jugements relatifs au calcul de la surtaxe pour les voitures de tourisme, l&rsquo;ensemble des d\u00e9put\u00e9s lui demandent de revoir la loi.<\/p>\n<p class=\"paragraph\">La motion adopt\u00e9e jeudi soir par tous les partis, \u00e0 l&rsquo;exception du PLR, invite le Conseil d&rsquo;Etat \u00e0 soumettre un projet de loi qui niv\u00e8le les effets de seuil et modifie l&rsquo;approche d&rsquo;imposition relative aux v\u00e9hicules hybrides. Elle lui demande aussi de prolonger d&rsquo;une ann\u00e9e la mesure transitoire limitant l&rsquo;augmentation de la taxation au double.<\/p>\n<p class=\"paragraph\">\u00ab\u00a0Il faut trouver une solution efficace, fonctionnelle et satisfaisante, une solution qui corrige les d\u00e9fauts les plus \u00e9vidents\u00a0\u00bb, a plaid\u00e9 le d\u00e9put\u00e9 \u00e9cologiste Julien Nicolet-dit-F\u00e9lix. Et de rappeler que le Grand Conseil avait par\u00e9 au plus press\u00e9 en votant en 2024 une loi transitoire qui plafonne les augmentations jusqu&rsquo;en 2027.<\/p>\n<p class=\"paragraphHeadline\">Projet en fin d&rsquo;ann\u00e9e<\/p>\n<p class=\"paragraph\">En juin, le Tribunal administratif de premi\u00e8re instance a rendu des arr\u00eats dans lesquels il reconna\u00eet une erreur de calcul dans l&rsquo;application du nouvel imp\u00f4t pour ce qui est des voitures thermiques et hybrides. Le Conseil d&rsquo;Etat a toutefois d\u00e9cid\u00e9 de recourir.<\/p>\n<p class=\"paragraph\">\u00ab\u00a0Les jugements du TAPI vont dans le sens de cette motion, dont le message au Conseil d&rsquo;Etat est de retirer ses recours\u00a0\u00bb, a d\u00e9clar\u00e9 Christian Steiner, du MCG. \u00ab\u00a0Le Conseil d&rsquo;Etat a recouru, au nom de la s\u00e9paration des pouvoirs\u00a0\u00bb, a r\u00e9torqu\u00e9 Pierre Maudet, magistrat en charge du D\u00e9partement de la sant\u00e9 et des mobilit\u00e9s, tout en s&rsquo;engageant \u00e0 pr\u00e9senter un projet de loi d&rsquo;ici \u00e0 la fin de l&rsquo;ann\u00e9e.<\/p>\n<p class=\"paragraph\">Pour m\u00e9moire, le nouvel imp\u00f4t avait \u00e9t\u00e9 accept\u00e9 en votation en mars 2024. Quelques mois plus tard, la loi avait cr\u00e9\u00e9 la pol\u00e9mique lorsque des propri\u00e9taires de vieux v\u00e9hicules avaient re\u00e7u leur imp\u00f4t automobile 2025, avec parfois des hausses massives pouvant aller jusqu&rsquo;\u00e0 500%, d&rsquo;o\u00f9 l&rsquo;adoption d&rsquo;une loi transitoire par le Parlement pour rectifier le tir.<\/p>\n","protected":false},"excerpt":{"rendered":"A Gen\u00e8ve, le nouvel imp\u00f4t sur les v\u00e9hicules rebondit au Grand Conseil. Alors que le gouvernement a annonc\u00e9&hellip;\n","protected":false},"author":2,"featured_media":290250,"comment_status":"","ping_status":"","sticky":false,"template":"","format":"standard","meta":{"footnotes":"","_share_on_mastodon":"0"},"categories":[17],"tags":[170,169,23],"class_list":["post-290249","post","type-post","status-publish","format-standard","has-post-thumbnail","category-geneve","tag-geneva","tag-geneve","tag-suisse"],"share_on_mastodon":{"url":"https:\/\/pubeurope.com\/@ch_fr\/117209011576299501","error":""},"_links":{"self":[{"href":"https:\/\/www.europesays.com\/ch-fr\/wp-json\/wp\/v2\/posts\/290249","targetHints":{"allow":["GET"]}}],"collection":[{"href":"https:\/\/www.europesays.com\/ch-fr\/wp-json\/wp\/v2\/posts"}],"about":[{"href":"https:\/\/www.europesays.com\/ch-fr\/wp-json\/wp\/v2\/types\/post"}],"author":[{"embeddable":true,"href":"https:\/\/www.europesays.com\/ch-fr\/wp-json\/wp\/v2\/users\/2"}],"replies":[{"embeddable":true,"href":"https:\/\/www.europesays.com\/ch-fr\/wp-json\/wp\/v2\/comments?post=290249"}],"version-history":[{"count":0,"href":"https:\/\/www.europesays.com\/ch-fr\/wp-json\/wp\/v2\/posts\/290249\/revisions"}],"wp:featuredmedia":[{"embeddable":true,"href":"https:\/\/www.europesays.com\/ch-fr\/wp-json\/wp\/v2\/media\/290250"}],"wp:attachment":[{"href":"https:\/\/www.europesays.com\/ch-fr\/wp-json\/wp\/v2\/media?parent=290249"}],"wp:term":[{"taxonomy":"category","embeddable":true,"href":"https:\/\/www.europesays.com\/ch-fr\/wp-json\/wp\/v2\/categories?post=290249"},{"taxonomy":"post_tag","embeddable":true,"href":"https:\/\/www.europesays.com\/ch-fr\/wp-json\/wp\/v2\/tags?post=290249"}],"curies":[{"name":"wp","href":"https:\/\/api.w.org\/{rel}","templated":true}]}}