{"id":290253,"date":"2026-09-03T20:33:21","date_gmt":"2026-09-03T20:33:21","guid":{"rendered":"https:\/\/www.europesays.com\/ch-fr\/290253\/"},"modified":"2026-09-03T20:33:21","modified_gmt":"2026-09-03T20:33:21","slug":"apres-avoir-emmenage-ensemble-romie-lacasse-et-joel-vogt-de-star-academie-font-une-belle-annonce","status":"publish","type":"post","link":"https:\/\/www.europesays.com\/ch-fr\/290253\/","title":{"rendered":"Apr\u00e8s avoir emm\u00e9nag\u00e9 ensemble, Romie Lacasse et Jo\u00ebl Vogt de \u00abStar Acad\u00e9mie\u00bb font une belle annonce"},"content":{"rendered":"<p class=\"1_12_tx_courant\">Les choses vont bon train pour Jo\u00ebl Vogt et Romie Lacasse, qui semblent plus amoureux que jamais <a href=\"https:\/\/www.7jours.ca\/2026\/08\/20\/joel-vogt-se-confie-sur-sa-recente-cohabitation-avec-son-amoureuse-romie\" target=\"_blank\" rel=\"nofollow noopener\">depuis leur emm\u00e9nagement ensemble<\/a>. Cependant, il semblait manquer un petit quelque chose. <\/p>\n<p class=\"toreadalso-fromEMP\">\u2022 \u00c0 lire aussi\u00a0: <a href=\"https:\/\/www.7jours.ca\/2026\/09\/03\/marie-andree-leblond-change-completement-de-tete-et-revient-au-blond\" target=\"593c4b63-f5bf-4d7c-8e1a-4348f22ffd46\" rel=\"nofollow noopener\">Marie-Andr\u00e9e Leblond change compl\u00e8tement de t\u00eate et revient au blond<\/a><\/p>\n<p class=\"toreadalso-fromEMP\">\u2022 \u00c0 lire aussi\u00a0: <a href=\"https:\/\/www.7jours.ca\/2026\/09\/03\/toute-porte-a-croire-quisabelle-desjardins-aurait-retrouve-lamour\" target=\"8c2b70b5-85d0-4234-ab6d-eefb0c17c425\" rel=\"nofollow noopener\">Toute porte \u00e0 croire qu\u2019Isabelle Desjardins aurait retrouv\u00e9 l\u2019amour<\/a><\/p>\n<p class=\"toreadalso-fromEMP\">\u2022 \u00c0 lire aussi\u00a0: <a href=\"https:\/\/www.7jours.ca\/2026\/09\/02\/cette-serie-documentaire-racontera-la-chute-deric-salvail\" target=\"6df8d376-26cb-4814-b2ff-bb0412591482\" rel=\"nofollow noopener\">Cette s\u00e9rie documentaire racontera la chute d\u2019\u00ab\u00a0En mode Salvail\u00a0\u00bb<\/a><\/p>\n<p class=\"1_12_tx_courant\">Ce petit quelque chose est maintenant entr\u00e9 dans leur vie\u00a0: il a quatre pattes, c\u2019est un f\u00e9lin de deux mois, une petite chatonne\u00a0! Le couple a partag\u00e9 l\u2019arriv\u00e9e de cette petite coloc dans leur maison.\u00a0<\/p>\n<p class=\"1_12_tx_courant\">\u00c0 travers quelques stories, Romie a document\u00e9 cette adorable nouvelle venue.\u00a0<\/p>\n<p><a href=\"https:\/\/www.7jours.ca\/infolettre\" _blank=\"\" rel=\"nofollow noopener\" target=\"_blank\"><br \/>\n    <img decoding=\"async\" src=\"https:\/\/www.europesays.com\/ch-fr\/wp-content\/uploads\/2026\/09\/1788467599_584_Infolettre_7j_1_18d5d37fd-7548-45f6-98db-3e47e5754324_ORIGINAL.jpg\" class=\"logoJe\"\/><br \/>\n<\/a><\/p>\n<p>\t<a data-fancybox=\"photo\" data-type=\"image\" href=\"https:\/\/www.europesays.com\/ch-fr\/wp-content\/uploads\/2026\/09\/IMG_598993abbc1b-ffb3-447e-a023-152165433b9a_ORIGINAL.jpg\"><\/p>\n<p>            <img decoding=\"async\" class=\"lazyload\" src=\"https:\/\/www.europesays.com\/ch-fr\/wp-content\/uploads\/2026\/09\/IMG_598993abbc1b-ffb3-447e-a023-152165433b9a_ORIGINAL.jpg\" alt=\"\"\/><\/p>\n<p>\t<\/a><\/p>\n<p class=\"1_12_tx_courant\">Il y a quelques jours, la chanteuse partageait une vid\u00e9o sur son anxi\u00e9t\u00e9, et ce chaton semble \u00eatre un baume sur ses soucis.\u00a0<\/p>\n<p>\t<a data-fancybox=\"photo\" data-type=\"image\" href=\"https:\/\/www.europesays.com\/ch-fr\/wp-content\/uploads\/2026\/09\/IMG_5990a6737e71-515b-443b-b0d1-3440ddbfcd24_ORIGINAL.jpg\"><\/p>\n<p>            <img decoding=\"async\" class=\"lazyload\" src=\"https:\/\/www.europesays.com\/ch-fr\/wp-content\/uploads\/2026\/09\/IMG_5990a6737e71-515b-443b-b0d1-3440ddbfcd24_ORIGINAL.jpg\" alt=\"\"\/><\/p>\n<p>\t<\/a><\/p>\n<p class=\"1_12_tx_courant\">\u00a0<\/p>\n<p class=\"1_12_tx_courant\">Le couple n\u2019est toutefois pas certain du nom de leur chat. Jo\u00ebl et Romie demandent l\u2019aide du public pour lui donner un nom\u00a0!\u00a0<\/p>\n<p>\t<a data-fancybox=\"photo\" data-type=\"image\" href=\"https:\/\/www.europesays.com\/ch-fr\/wp-content\/uploads\/2026\/09\/IMG_59914b880890-0c7a-43e9-b807-77e0fef17297_ORIGINAL.jpg\"><\/p>\n<p>            <img decoding=\"async\" class=\"lazyload\" src=\"https:\/\/www.europesays.com\/ch-fr\/wp-content\/uploads\/2026\/09\/IMG_59914b880890-0c7a-43e9-b807-77e0fef17297_ORIGINAL.jpg\" alt=\"\"\/><\/p>\n<p>\t<\/a><\/p>\n<p class=\"1_12_tx_courant\">F\u00e9licitations aux amoureux pour cette nouvelle venue\u00a0!<\/p>\n<p class=\"toreadalso-fromEMP\">\u2022 \u00c0 lire aussi\u00a0: <a href=\"https:\/\/www.7jours.ca\/2026\/09\/03\/empathie-une-serie-lumineuse-qui-fait-du-bien\" target=\"5305a3f6-119b-4f94-a9e4-a42d9bba66eb\" rel=\"nofollow noopener\">\u00ab\u00a0Empathie\u00a0\u00bb, une s\u00e9rie lumineuse qui fait du bien<\/a><\/p>\n<p class=\"toreadalso-fromEMP\">\u2022 \u00c0 lire aussi\u00a0: <a href=\"https:\/\/www.7jours.ca\/2026\/09\/03\/alertes-stephanie-en-quete-de-justice\" target=\"4af6b769-869c-4d2d-86df-7b2adc94d4b2\" rel=\"nofollow noopener\">\u00ab\u00a0Alertes\u00a0\u00bb: St\u00e9phanie esp\u00e8re prouver que Val\u00e9rie a maniganc\u00e9 pour la faire suspendre<\/a><\/p>\n<p>  Pour vous procurer les items pour recr\u00e9er le lipcombo de Maripier Morin, c\u2019est ci-dessous\u00a0:<\/p>\n<p>                    <a href=\"https:\/\/click.linksynergy.com\/deeplink?id=YJxAJjYJc7w&amp;mid=41046&amp;murl=https%3A%2F%2Fwww.sephora.com%2Fca%2Ffr%2Fproduct%2FP477838&amp;u1=7jours\" class=\"affiliate-link\" rel=\"sponsored nofollow noopener\" target=\"_blank\"><br \/>\n                        <img decoding=\"async\" src=\"https:\/\/www.europesays.com\/ch-fr\/wp-content\/uploads\/2026\/09\/s2731461-main-zoom.jpg\" alt=\"Crayon \u00e0 l\u00e8vres sculptant Ultra Suede\u00ae de Make Up By Mario (Teinte Spiced Chai)\"\/><br \/>\n                    <\/a><\/p>\n<p>Crayon \u00e0 l\u00e8vres sculptant Ultra Suede\u00ae de Make Up By Mario (Teinte Spiced Chai)<\/p>\n<p>                    <a href=\"https:\/\/click.linksynergy.com\/deeplink?id=YJxAJjYJc7w&amp;mid=41046&amp;murl=https%3A%2F%2Fwww.sephora.com%2Fca%2Ffr%2Fproduct%2FP509660%3FskuId%3D2755049&amp;u1=7jours\" class=\"affiliate-link\" rel=\"sponsored nofollow noopener\" target=\"_blank\"><br \/>\n                        <img decoding=\"async\" src=\"https:\/\/www.europesays.com\/ch-fr\/wp-content\/uploads\/2026\/09\/s2755049-main-zoom.jpg\" alt=\"Monochrome Soft Matte Blur Lipstick de Prada (Teinte B101 Tiepolo)\"\/><br \/>\n                    <\/a><\/p>\n<p>Monochrome Soft Matte Blur Lipstick de Prada (Teinte B101 Tiepolo)<\/p>\n<p>  \u00c0 VOIR AUSSI\u00a0:\u00a0<\/p>\n","protected":false},"excerpt":{"rendered":"Les choses vont bon train pour Jo\u00ebl Vogt et Romie Lacasse, qui semblent plus amoureux que jamais depuis&hellip;\n","protected":false},"author":2,"featured_media":290254,"comment_status":"","ping_status":"","sticky":false,"template":"","format":"standard","meta":{"footnotes":"","_share_on_mastodon":"0"},"categories":[15],"tags":[158,157,113,112,159,23],"class_list":["post-290253","post","type-post","status-publish","format-standard","has-post-thumbnail","category-people","tag-celebrities","tag-celebrity","tag-divertissement","tag-entertainment","tag-people","tag-suisse"],"share_on_mastodon":{"url":"https:\/\/pubeurope.com\/@ch_fr\/117209019749003367","error":""},"_links":{"self":[{"href":"https:\/\/www.europesays.com\/ch-fr\/wp-json\/wp\/v2\/posts\/290253","targetHints":{"allow":["GET"]}}],"collection":[{"href":"https:\/\/www.europesays.com\/ch-fr\/wp-json\/wp\/v2\/posts"}],"about":[{"href":"https:\/\/www.europesays.com\/ch-fr\/wp-json\/wp\/v2\/types\/post"}],"author":[{"embeddable":true,"href":"https:\/\/www.europesays.com\/ch-fr\/wp-json\/wp\/v2\/users\/2"}],"replies":[{"embeddable":true,"href":"https:\/\/www.europesays.com\/ch-fr\/wp-json\/wp\/v2\/comments?post=290253"}],"version-history":[{"count":0,"href":"https:\/\/www.europesays.com\/ch-fr\/wp-json\/wp\/v2\/posts\/290253\/revisions"}],"wp:featuredmedia":[{"embeddable":true,"href":"https:\/\/www.europesays.com\/ch-fr\/wp-json\/wp\/v2\/media\/290254"}],"wp:attachment":[{"href":"https:\/\/www.europesays.com\/ch-fr\/wp-json\/wp\/v2\/media?parent=290253"}],"wp:term":[{"taxonomy":"category","embeddable":true,"href":"https:\/\/www.europesays.com\/ch-fr\/wp-json\/wp\/v2\/categories?post=290253"},{"taxonomy":"post_tag","embeddable":true,"href":"https:\/\/www.europesays.com\/ch-fr\/wp-json\/wp\/v2\/tags?post=290253"}],"curies":[{"name":"wp","href":"https:\/\/api.w.org\/{rel}","templated":true}]}}