{"id":290257,"date":"2026-09-03T20:35:12","date_gmt":"2026-09-03T20:35:12","guid":{"rendered":"https:\/\/www.europesays.com\/ch-fr\/290257\/"},"modified":"2026-09-03T20:35:12","modified_gmt":"2026-09-03T20:35:12","slug":"ici-tout-commence-spoilers-on-sait-qui-menace-teyssier-au-telephone-pour-eliminer-noe-du-concours","status":"publish","type":"post","link":"https:\/\/www.europesays.com\/ch-fr\/290257\/","title":{"rendered":"Ici tout commence (spoilers) : on sait qui menace Teyssier au t\u00e9l\u00e9phone pour \u00e9liminer No\u00e9 du concours !"},"content":{"rendered":"<p class=\"wp-block-paragraph\">Incroyable rebondissement dans Ici tout commence ! Alors que le concours d\u2019entr\u00e9e de la promotion 2026 bat son plein sur TF1, Emmanuel Teyssier s\u2019est lanc\u00e9 dans une man\u0153uvre pour faire \u00e9chouer son propre fils, No\u00e9. Mais alors qu\u2019on le croyait seul dans cette machination, le redoutable directeur agit en r\u00e9alit\u00e9 avec un complice inattendu. Serieously vous r\u00e9v\u00e8le l\u2019identit\u00e9 du myst\u00e9rieux interlocuteur t\u00e9l\u00e9phonique de Teyssier !<\/p>\n<p class=\"wp-block-paragraph\">C\u2019est l\u2019intrigue qui fait palpiter les fans d\u2019Ici tout commence en ce mois de septembre. Bien d\u00e9cid\u00e9 \u00e0 emp\u00eacher No\u00e9 (Kei Carasena) d\u2019int\u00e9grer l\u2019Institut \u2013 estimant qu\u2019il n\u2019a pas le niveau et cherchant \u00e0 lui \u00e9viter une humiliation \u2013 Teyssier (Benjamin Baroche) joue en r\u00e9alit\u00e9 un double jeu. <\/p>\n<p class=\"wp-block-paragraph\">Malgr\u00e9 les suppliques de son \u00e9pouse Constance (Sabine Perraud), qui menace de le quitter s\u2019il g\u00e2che la chance de leur fils, le chef a orchestr\u00e9 en coulisses plusieurs manigances pour saboter le parcours du jeune homme lors des \u00e9preuves. Mais loin d\u2019\u00eatre seul, celui qui va bient\u00f4t se faire poignarder par un myst\u00e9rieux \u00e9l\u00e8ve est en r\u00e9alit\u00e9 dirig\u00e9 par un complice au t\u00e9l\u00e9phone dont on conna\u00eet enfin l\u2019identit\u00e9.<\/p>\n<p>Le complice de Teyssier pour \u00e9liminer No\u00e9 dans Ici tout commence enfin d\u00e9masqu\u00e9<\/p>\n<p><img loading=\"lazy\" decoding=\"async\" width=\"1200\" height=\"675\" src=\"https:\/\/www.europesays.com\/ch-fr\/wp-content\/uploads\/2026\/09\/emmanuel-teyssier-dans-ici-tout-commence-tf1.jpg\" alt=\"emmanuel teyssier dans ici tout commence TF1\" class=\"wp-image-877027\"\/>@ TF1<\/p>\n<p class=\"wp-block-paragraph\">Si la fin de l\u2019\u00e9pisode du mercredi 2 septembre d\u2019<a href=\"https:\/\/serieously.ouest-france.fr\/series-tv-anime\/ici-tout-commence\/\" target=\"_blank\" rel=\"noreferrer noopener nofollow\">Ici tout commence<\/a> laissait entrevoir Teyssier en pleine conversation t\u00e9l\u00e9phonique secr\u00e8te, d\u00e9clarant avec fermet\u00e9 : \u00ab\u00a0Tu as raison, je vais rien l\u00e2cher. Je vais tout faire pour que No\u00e9 rate le concours de l\u2019Institut !\u00ab\u00a0, l\u2019identit\u00e9 de son myst\u00e9rieux correspondant reste myst\u00e9rieux jusqu\u2019\u00e0 la fin de la semaine.<\/p>\n<p class=\"wp-block-paragraph\">Il faut attendre les \u00e9pisodes de la semaine du 7 septembre pour enfin lever le voile sur ce fameux interloctuteur. Contre toute attente, l\u2019alli\u00e9 secret d\u2019Emmanuel Teyssier dans ce plan machiav\u00e9lique n\u2019est autre que\u2026 son fils a\u00een\u00e9 : Th\u00e9o Teyssier (Khaled Alouach) ! Alors que No\u00e9 parvient contre toute attente \u00e0 d\u00e9crocher sa qualification lors d\u2019une \u00e9preuve de brigade, le directeur re\u00e7oit un SMS explicite de Th\u00e9o : \u00ab\u00a0C\u2019est bon ? No\u00e9 est \u00e9limin\u00e9 ?\u00ab\u00a0<\/p>\n<p>Pourquoi Th\u00e9o Teyssier monte une machination avec son p\u00e8re contre No\u00e9 ?<\/p>\n<p><img loading=\"lazy\" decoding=\"async\" width=\"1200\" height=\"675\" src=\"https:\/\/www.europesays.com\/ch-fr\/wp-content\/uploads\/2026\/09\/theo-teyssier-le-fils-demmanuel-teyssier-dans-ici-tout-commence-feuilleton-tf1.jpg\" alt=\"The\u0301o Teyssier le fils d'Emmanuel Teyssier dans Ici tout commence feuilleton TF1\" class=\"wp-image-880472\"\/>@ TF1<\/p>\n<p class=\"wp-block-paragraph\">Ce rapprochement in\u00e9dit entre le p\u00e8re et le fils Teyssier contre le petit dernier de la famille soul\u00e8ve de nombreuses interrogations. Pourquoi Th\u00e9o, parti \u00e0 l\u2019\u00e9tranger depuis plusieurs mois, s\u2019investit-il autant pour faire \u00e9carter son fr\u00e8re de l\u2019\u00e9tablissement ? Craint-il de voir le nom des Teyssier d\u00e9cr\u00e9dibilis\u00e9 ou cache-t-il une jalousie fraternelle plus profonde ?<\/p>\n<p class=\"wp-block-paragraph\">Agac\u00e9 par la r\u00e9ussite surprise de No\u00e9, Emmanuel Teyssier s\u2019appr\u00eate \u00e0 sortir une derni\u00e8re carte de sa manche : imposer une ultime \u00e9preuve de rep\u00eachage \u00ab\u00a0pour profils atypiques\u00a0\u00bb afin d\u2019\u00e9jecter in extremis son fils du classement. Une obstination qui pourrait bien \u00eatre la cause directe de <a href=\"https:\/\/serieously.ouest-france.fr\/ici-tout-commence-choc-teyssier-va-t-il-mourir-qui-la-poignarde\/\" target=\"_blank\" rel=\"noreferrer noopener nofollow\">la future agression au couteau qu\u2019il va subir<\/a> quelques jours plus tard, dans Ici tout commence.<\/p>\n<p>\t\t\t<img decoding=\"async\" src=\"https:\/\/www.europesays.com\/ch-fr\/wp-content\/uploads\/2026\/09\/mathilde.jpg\" alt=\"Mathilde Fontaine\" width=\"70\" height=\"70\" loading=\"lazy\"\/><\/p>\n<p class=\"m-user__name\">Mathilde Fontaine<\/p>\n<p class=\"m-user__job\">R\u00e9dactrice en chef &#8211; Journaliste<\/p>\n<p class=\"m-user__description\">R\u00e9dactrice en chef de Serieously, Mathilde Fontaine est passionn\u00e9e de cin\u00e9ma et de s\u00e9ries depuis qu&rsquo;elle a prononc\u00e9 et pu \u00e9crire ses premiers mots. Amoureuse des grands classiques dans lesquels elle aime se replonger, elle est toujours \u00e0 l\u2019aff\u00fbt d\u2019une nouveaut\u00e9 \u00e0 regarder, \u00e0 commenter, et \u00e0 partager. Autant fan de Friends que de Columbo, du Parrain que de La Boum, de The Office que de Reservoir Dogs, elle a pu interviewer des personnalit\u00e9s comme John Krasinsky, Jon Hamm, Pio Marma\u00ef, L\u00e9a Drucker ou G\u00e9rard Jugnot, et a couvert des festivals comme Les Arcs ou le Festival de Cannes 2025.<\/p>\n","protected":false},"excerpt":{"rendered":"Incroyable rebondissement dans Ici tout commence ! Alors que le concours d\u2019entr\u00e9e de la promotion 2026 bat son&hellip;\n","protected":false},"author":2,"featured_media":290258,"comment_status":"","ping_status":"","sticky":false,"template":"","format":"standard","meta":{"footnotes":"","_share_on_mastodon":"0"},"categories":[13],"tags":[113,112,23,142],"class_list":["post-290257","post","type-post","status-publish","format-standard","has-post-thumbnail","category-television","tag-divertissement","tag-entertainment","tag-suisse","tag-television"],"share_on_mastodon":{"url":"https:\/\/pubeurope.com\/@ch_fr\/117209027781807573","error":""},"_links":{"self":[{"href":"https:\/\/www.europesays.com\/ch-fr\/wp-json\/wp\/v2\/posts\/290257","targetHints":{"allow":["GET"]}}],"collection":[{"href":"https:\/\/www.europesays.com\/ch-fr\/wp-json\/wp\/v2\/posts"}],"about":[{"href":"https:\/\/www.europesays.com\/ch-fr\/wp-json\/wp\/v2\/types\/post"}],"author":[{"embeddable":true,"href":"https:\/\/www.europesays.com\/ch-fr\/wp-json\/wp\/v2\/users\/2"}],"replies":[{"embeddable":true,"href":"https:\/\/www.europesays.com\/ch-fr\/wp-json\/wp\/v2\/comments?post=290257"}],"version-history":[{"count":0,"href":"https:\/\/www.europesays.com\/ch-fr\/wp-json\/wp\/v2\/posts\/290257\/revisions"}],"wp:featuredmedia":[{"embeddable":true,"href":"https:\/\/www.europesays.com\/ch-fr\/wp-json\/wp\/v2\/media\/290258"}],"wp:attachment":[{"href":"https:\/\/www.europesays.com\/ch-fr\/wp-json\/wp\/v2\/media?parent=290257"}],"wp:term":[{"taxonomy":"category","embeddable":true,"href":"https:\/\/www.europesays.com\/ch-fr\/wp-json\/wp\/v2\/categories?post=290257"},{"taxonomy":"post_tag","embeddable":true,"href":"https:\/\/www.europesays.com\/ch-fr\/wp-json\/wp\/v2\/tags?post=290257"}],"curies":[{"name":"wp","href":"https:\/\/api.w.org\/{rel}","templated":true}]}}