{"id":290259,"date":"2026-09-03T20:36:15","date_gmt":"2026-09-03T20:36:15","guid":{"rendered":"https:\/\/www.europesays.com\/ch-fr\/290259\/"},"modified":"2026-09-03T20:36:15","modified_gmt":"2026-09-03T20:36:15","slug":"anthony-dupray-son-bel-hommage-a-filip-nikolic","status":"publish","type":"post","link":"https:\/\/www.europesays.com\/ch-fr\/290259\/","title":{"rendered":"Anthony Dupray\u00a0: son bel hommage \u00e0 Filip Nikolic"},"content":{"rendered":"<p>            <a href=\"https:\/\/www.journaldesfemmes.fr\/people\/magazine\/3276289-actu-people-aout-patrick-bruel-sylvie-vartan-celine-dion\/3276733-pierre-arditi\" class=\"app_button_nav_prev jMiddlePreviousButton\" rel=\"nofollow noopener\" target=\"_blank\"><\/a><a href=\"https:\/\/www.journaldesfemmes.fr\/people\/magazine\/3276289-actu-people-aout-patrick-bruel-sylvie-vartan-celine-dion\/3276749-jean-paul-rappeneau\" class=\"app_button_nav_next jMiddleNextButton\" rel=\"nofollow noopener\" target=\"_blank\"><\/a><\/p>\n<p>                <img loading=\"lazy\" decoding=\"async\" src=\"https:\/\/www.europesays.com\/ch-fr\/wp-content\/uploads\/2026\/09\/40094541.jpg\" alt=\"\" width=\"250\" height=\"474\"\/><br \/>\n            <a href=\"https:\/\/img-3.journaldesfemmes.fr\/UBCLzMe_iMmMSDvKtZPd48DjToU=\/3528x\/smart\/a50efa93a00c48e49fcce61eea2f92a0\/ccmcms-jdf\/40094541.jpg\" class=\"fancy app_btn_1 app_btn--ico\" rel=\"nofollow noopener\" target=\"_blank\"><\/a>Anthony Dupray \u00a9\u00a0Domine Jerome\/ABACA    <\/p>\n<p>Nostalgie. Filip Nikolic aurait f\u00eat\u00e9 ses 52\u00a0ans ce 1er septembre et Anthony Dupray a rendu un bel hommage \u00e0\u00a0son ancien partenaire de jeu dans les s\u00e9ries Navarro et Brigade Navarro d\u00e9c\u00e9d\u00e9 en 2009. \u00ab\u00a0Une pens\u00e9e pour toi cher Ami (&#8230;)\u00a0On pense \u00e0 toi, tu nous manques Filip Nikolic\u00a0\u00bb, a \u00e9crit le com\u00e9dien de 51 ans sur Instagram en l\u00e9gende d&rsquo;une photo publi\u00e9e sur Instagram.<\/p>\n","protected":false},"excerpt":{"rendered":"Anthony Dupray \u00a9\u00a0Domine Jerome\/ABACA Nostalgie. Filip Nikolic aurait f\u00eat\u00e9 ses 52\u00a0ans ce 1er septembre et Anthony Dupray a&hellip;\n","protected":false},"author":2,"featured_media":290260,"comment_status":"","ping_status":"","sticky":false,"template":"","format":"standard","meta":{"footnotes":"","_share_on_mastodon":"0"},"categories":[12],"tags":[63223,203,113,112,1244,207,864,140,141,23],"class_list":["post-290259","post","type-post","status-publish","format-standard","has-post-thumbnail","category-musique","tag-cms-journaldesfemmes-3276731","tag-controller-content","tag-divertissement","tag-entertainment","tag-format-reportage","tag-les-histoires-du-jdf","tag-magazine","tag-music","tag-musique","tag-suisse"],"share_on_mastodon":{"url":"https:\/\/pubeurope.com\/@ch_fr\/117209031896422093","error":""},"_links":{"self":[{"href":"https:\/\/www.europesays.com\/ch-fr\/wp-json\/wp\/v2\/posts\/290259","targetHints":{"allow":["GET"]}}],"collection":[{"href":"https:\/\/www.europesays.com\/ch-fr\/wp-json\/wp\/v2\/posts"}],"about":[{"href":"https:\/\/www.europesays.com\/ch-fr\/wp-json\/wp\/v2\/types\/post"}],"author":[{"embeddable":true,"href":"https:\/\/www.europesays.com\/ch-fr\/wp-json\/wp\/v2\/users\/2"}],"replies":[{"embeddable":true,"href":"https:\/\/www.europesays.com\/ch-fr\/wp-json\/wp\/v2\/comments?post=290259"}],"version-history":[{"count":0,"href":"https:\/\/www.europesays.com\/ch-fr\/wp-json\/wp\/v2\/posts\/290259\/revisions"}],"wp:featuredmedia":[{"embeddable":true,"href":"https:\/\/www.europesays.com\/ch-fr\/wp-json\/wp\/v2\/media\/290260"}],"wp:attachment":[{"href":"https:\/\/www.europesays.com\/ch-fr\/wp-json\/wp\/v2\/media?parent=290259"}],"wp:term":[{"taxonomy":"category","embeddable":true,"href":"https:\/\/www.europesays.com\/ch-fr\/wp-json\/wp\/v2\/categories?post=290259"},{"taxonomy":"post_tag","embeddable":true,"href":"https:\/\/www.europesays.com\/ch-fr\/wp-json\/wp\/v2\/tags?post=290259"}],"curies":[{"name":"wp","href":"https:\/\/api.w.org\/{rel}","templated":true}]}}