{"id":290261,"date":"2026-09-03T20:37:22","date_gmt":"2026-09-03T20:37:22","guid":{"rendered":"https:\/\/www.europesays.com\/ch-fr\/290261\/"},"modified":"2026-09-03T20:37:22","modified_gmt":"2026-09-03T20:37:22","slug":"disney-wonders-panneau-toy-story-sur-la-facade-au-disney-village","status":"publish","type":"post","link":"https:\/\/www.europesays.com\/ch-fr\/290261\/","title":{"rendered":"Disney Wonders : panneau Toy Story sur la fa\u00e7ade au Disney Village"},"content":{"rendered":"<p dir=\"auto\" style=\"text-align: justify;\">La transformation de l\u2019ancien Disney Store de Disney Village avance par panneaux successifs. Apr\u00e8s une section Disney, d\u00e9j\u00e0 marqu\u00e9e par Peter Pan et Clochette, et une section Marvel <a href=\"https:\/\/www.disneyphile.fr\/apres-shuri-tony-stark-rejoint-la-facade-de-disney-wonders-a-disney-village\/\" rel=\"nofollow noopener\" target=\"_blank\">o\u00f9 l\u2019on reconna\u00eet notamment Iron Man et Black Panther<\/a>, les \u00e9quipes ont pos\u00e9 ce 3 septembre le grand tableau Toy Story de la fa\u00e7ade Pixar de Disney Wonders.<\/p>\n<p dir=\"auto\" style=\"text-align: justify;\">Le panneau, encadr\u00e9 de noir sur un bardage bleu, reprend une sc\u00e8ne famili\u00e8re : Woody, Buzz, Jessie et Pile-Poil sont assis sur une commode rouge, sous la lampe<a href=\"https:\/\/www.disneyphile.fr\/luxo-jr-critique-cartoon-pixar\/\" rel=\"nofollow noopener\" target=\"_blank\"> Luxo Jr.<\/a> Des ouvriers en nacelle l\u2019ont fix\u00e9 en fa\u00e7ade, au-dessus des palissades encore en place. L\u2019enseigne \u00ab Disney Wonders \u00bb est d\u00e9j\u00e0 lisible sur le b\u00e2timent.<\/p>\n<p>Quatre univers, une seule devanture<\/p>\n<p dir=\"auto\" style=\"text-align: justify;\">Disney Wonders doit remplacer le Disney Store ferm\u00e9e d\u00e9but janvier 2026. Disneyland Paris a annonc\u00e9 un magasin unique rassemblant les licences Disney, Pixar, Marvel et Star Wars, avec une fa\u00e7ade d\u00e9coup\u00e9e en tableaux plut\u00f4t qu\u2019en une seule enseigne g\u00e9n\u00e9rique. L\u2019int\u00e9rieur pr\u00e9vu comprend deux lustres compos\u00e9s chacun d\u2019une quarantaine d\u2019\u0153uvres, et des sc\u00e8nes destin\u00e9es \u00e0 s\u2019animer, notamment avec la F\u00e9e Clochette. Rien de tout cela n\u2019est encore visible depuis la rue : les palissades occultent toujours l\u2019essentiel du rez-de-chauss\u00e9e.<\/p>\n<p><a href=\"https:\/\/www.disneyphile.fr\/wp-content\/uploads\/2026\/09\/section-pixar-facade-disney-wonders-03.jpg\" title=\"3 septembre 2026 (Disneyphile)\" rel=\"nofollow noopener\" target=\"_blank\"><img data-lazyloaded=\"1\" data-od-added-loading=\"\" data-od-replaced- data-od-xpath=\"\/HTML\/BODY\/DIV[@id='page']\/*[4][self::DIV]\/*[2][self::DIV]\/*[1][self::DIV]\/*[1][self::MAIN]\/*[1][self::DIV]\/*[1][self::DIV]\/*[1][self::DIV]\/*[1][self::DIV]\/*[2][self::DIV]\/*[2][self::ARTICLE]\/*[2][self::DIV]\/*[6][self::FIGURE]\/*[1][self::A]\/*[1][self::IMG]\" loading=\"lazy\" decoding=\"async\" class=\"wp-image-196463 size-full\" src=\"https:\/\/www.europesays.com\/ch-fr\/wp-content\/uploads\/2026\/09\/xsection-pixar-facade-disney-wonders-03.jpg.pagespeed.ic.bf16C-cVY9.jpg\" alt=\"\" width=\"1536\" height=\"2048\"  data-\/><\/a>3 septembre 2026 (Disneyphile)<\/p>\n<p dir=\"auto\" style=\"text-align: justify;\">La pose du panneau d\u00e9di\u00e9 \u00e0 la saga Toy Story ne dit donc rien des produits qui seront propos\u00e9s dans le magasin pour le moment. Mais elle confirme l\u2019ordre de lecture de la fa\u00e7ade : classiques Disney d\u2019un c\u00f4t\u00e9, h\u00e9ros Marvel au centre, Pixar sur le volume bleu \u00e9voquant le papier-peint de la chambre d\u2019Andy. Star Wars reste, pour l\u2019heure, plus discret depuis l\u2019ext\u00e9rieur. Un grand sabre laser lumineux est attendu sur cette derni\u00e8re section.<\/p>\n<p>Un Village encore en chantier<\/p>\n<p dir=\"auto\" style=\"text-align: justify;\">Disney Wonders s\u2019inscrit dans la refonte plus large du Disney Village, lanc\u00e9e depuis plusieurs ann\u00e9es. Pel\u00e9 Soccer a d\u00e9j\u00e0 ouvert \u00e0 proximit\u00e9. D\u2019autres adresses ont chang\u00e9 de peau. Pour la boutique elle-m\u00eame, la destination a \u00e9voqu\u00e9 une ouverture courant mi-septembre. \u00c0 ce jour, aucune date pr\u00e9cise n\u2019a \u00e9t\u00e9 annonc\u00e9e. Les travaux de fa\u00e7ade se poursuivent, et le passage devant le b\u00e2timent reste encombr\u00e9 de palissades.<\/p>\n<p><a href=\"https:\/\/www.disneyphile.fr\/wp-content\/uploads\/2026\/09\/section-pixar-facade-disney-wonders-02.jpg\" title=\"3 septembre 2026 (Disneyphile)\" rel=\"nofollow noopener\" target=\"_blank\"><img data-lazyloaded=\"1\" data-od-added-loading=\"\" data-od-replaced- data-od-xpath=\"\/HTML\/BODY\/DIV[@id='page']\/*[4][self::DIV]\/*[2][self::DIV]\/*[1][self::DIV]\/*[1][self::MAIN]\/*[1][self::DIV]\/*[1][self::DIV]\/*[1][self::DIV]\/*[1][self::DIV]\/*[2][self::DIV]\/*[2][self::ARTICLE]\/*[2][self::DIV]\/*[10][self::FIGURE]\/*[1][self::A]\/*[1][self::IMG]\" loading=\"lazy\" decoding=\"async\" class=\"size-full wp-image-196464\" src=\"https:\/\/www.disneyphile.fr\/wp-content\/uploads\/2026\/09\/xsection-pixar-facade-disney-wonders-02.jpg.pagespeed.ic.nE8CeTCVgy.jpg\" alt=\"\" width=\"2048\" height=\"1536\"  data-\/><\/a>3 septembre 2026 (Disneyphile)<\/p>\n<p dir=\"auto\" style=\"text-align: justify;\">Le panneau Toy Story est plut\u00f4t r\u00e9ussi lui aussi, comme le reste des d\u00e9corations. Esp\u00e9rons n\u00e9anmoins que le syndrome de la transformation de Disney Village depuis ses d\u00e9buts ne soit pas pr\u00e9sent l\u00e0 encore : en d\u2019autres termes, que l\u2019ext\u00e9rieur du b\u00e2timent soit esth\u00e9tiquement attrayant mais qu\u2019une fois rentr\u00e9 \u00e0 l\u2019int\u00e9rieur, ce soit la douche froide encore une fois\u2026<\/p>\n<p><a href=\"https:\/\/www.disneyphile.fr\/wp-content\/uploads\/2026\/09\/section-pixar-facade-disney-wonders-01.jpg\" title=\"3 septembre 2026 (Disneyphile)\" rel=\"nofollow noopener\" target=\"_blank\"><img data-lazyloaded=\"1\" data-od-added-loading=\"\" data-od-replaced- data-od-xpath=\"\/HTML\/BODY\/DIV[@id='page']\/*[4][self::DIV]\/*[2][self::DIV]\/*[1][self::DIV]\/*[1][self::MAIN]\/*[1][self::DIV]\/*[1][self::DIV]\/*[1][self::DIV]\/*[1][self::DIV]\/*[2][self::DIV]\/*[2][self::ARTICLE]\/*[2][self::DIV]\/*[14][self::FIGURE]\/*[1][self::A]\/*[1][self::IMG]\" loading=\"lazy\" decoding=\"async\" class=\"size-full wp-image-196465\" src=\"https:\/\/www.disneyphile.fr\/wp-content\/uploads\/2026\/09\/xsection-pixar-facade-disney-wonders-01.jpg.pagespeed.ic.FmX2XhMIdV.jpg\" alt=\"\" width=\"1536\" height=\"2048\"  data-\/><\/a>3 septembre 2026 (Disneyphile)<\/p>\n<p>\u00a9 Disneyphile 2026 \/ Tous droits r\u00e9serv\u00e9s \/ Reproduction interdite<\/p>\n","protected":false},"excerpt":{"rendered":"La transformation de l\u2019ancien Disney Store de Disney Village avance par panneaux successifs. Apr\u00e8s une section Disney, d\u00e9j\u00e0&hellip;\n","protected":false},"author":2,"featured_media":290262,"comment_status":"","ping_status":"","sticky":false,"template":"","format":"standard","meta":{"footnotes":"","_share_on_mastodon":"0"},"categories":[11],"tags":[979,21882,113,112,139,138,137,23],"class_list":["post-290261","post","type-post","status-publish","format-standard","has-post-thumbnail","category-films","tag-a-la-une","tag-disneyland-paris","tag-divertissement","tag-entertainment","tag-film","tag-films","tag-movies","tag-suisse"],"share_on_mastodon":{"url":"https:\/\/pubeurope.com\/@ch_fr\/117209035545675595","error":""},"_links":{"self":[{"href":"https:\/\/www.europesays.com\/ch-fr\/wp-json\/wp\/v2\/posts\/290261","targetHints":{"allow":["GET"]}}],"collection":[{"href":"https:\/\/www.europesays.com\/ch-fr\/wp-json\/wp\/v2\/posts"}],"about":[{"href":"https:\/\/www.europesays.com\/ch-fr\/wp-json\/wp\/v2\/types\/post"}],"author":[{"embeddable":true,"href":"https:\/\/www.europesays.com\/ch-fr\/wp-json\/wp\/v2\/users\/2"}],"replies":[{"embeddable":true,"href":"https:\/\/www.europesays.com\/ch-fr\/wp-json\/wp\/v2\/comments?post=290261"}],"version-history":[{"count":0,"href":"https:\/\/www.europesays.com\/ch-fr\/wp-json\/wp\/v2\/posts\/290261\/revisions"}],"wp:featuredmedia":[{"embeddable":true,"href":"https:\/\/www.europesays.com\/ch-fr\/wp-json\/wp\/v2\/media\/290262"}],"wp:attachment":[{"href":"https:\/\/www.europesays.com\/ch-fr\/wp-json\/wp\/v2\/media?parent=290261"}],"wp:term":[{"taxonomy":"category","embeddable":true,"href":"https:\/\/www.europesays.com\/ch-fr\/wp-json\/wp\/v2\/categories?post=290261"},{"taxonomy":"post_tag","embeddable":true,"href":"https:\/\/www.europesays.com\/ch-fr\/wp-json\/wp\/v2\/tags?post=290261"}],"curies":[{"name":"wp","href":"https:\/\/api.w.org\/{rel}","templated":true}]}}