{"id":290263,"date":"2026-09-03T20:38:08","date_gmt":"2026-09-03T20:38:08","guid":{"rendered":"https:\/\/www.europesays.com\/ch-fr\/290263\/"},"modified":"2026-09-03T20:38:08","modified_gmt":"2026-09-03T20:38:08","slug":"le-cine-club-universitaire-fete-75-ans-dhistoire","status":"publish","type":"post","link":"https:\/\/www.europesays.com\/ch-fr\/290263\/","title":{"rendered":"Le Cin\u00e9-club universitaire f\u00eate 75 ans d\u2019histoire &#8211;"},"content":{"rendered":"<p>Le Cin\u00e9-club universitaire f\u00eate 75 ans d\u2019histoire<\/p>\n<p>Fond\u00e9 en 1951 par Claude Goretta, Alain Tanner et Jean Mohr, le Cin\u00e9-club universitaire est port\u00e9 pendant une vingtaine d\u2019ann\u00e9es par des \u00e9tudiant-es passionn\u00e9-es, avant de rejoindre le giron des Activit\u00e9s culturelles en 1971. \u00c0 l\u2019occasion des 75 ans de son existence, un riche programme est propos\u00e9.<\/p>\n<p>Claude Goretta et Alain Tanner au bord du Lac L\u00e9man en 1954, photographi\u00e9 par Jean Mohr. Les trois amis sont \u00e0 l\u2019initiative du Cin\u00e9-club de l\u2019Universit\u00e9 de Gen\u00e8ve. Photo: Cin\u00e9math\u00e8que suisse<\/p>\n<p>\u00abLe cin\u00e9ma, c\u2019est un divertissement pour les idiots et il est scandaleux de le faire entrer \u00e0 l\u2019universit\u00e9.\u00bb C\u2019est en ces termes qu\u2019un journaliste du quotidien La Suisse r\u00e9agissait \u00e0 la cr\u00e9ation d\u2019un cin\u00e9-club au sein de l\u2019Universit\u00e9 de Gen\u00e8ve. Nous sommes au d\u00e9but des ann\u00e9es 1950. Le cin\u00e9ma est encore un art jeune, loin de la reconnaissance culturelle dont il jouit aujourd\u2019hui. Au grand dam de l\u2019\u00e9chotier susmentionn\u00e9, \u00e0 une \u00e9poque o\u00f9 les films restent difficiles d\u2019acc\u00e8s, les cin\u00e9-clubs se multiplient en Suisse romande et ailleurs. Ils re\u00e7oivent l\u2019aide de la Cin\u00e9math\u00e8que suisse, fond\u00e9e en 1948 par Freddy Buache, qui leur fournit les copies et joue ainsi un r\u00f4le essentiel en contribuant \u00e0 fa\u00e7onner un regard critique sur ce nouveau m\u00e9dium.<\/p>\n<p>\u00c0 l\u2019Universit\u00e9 de Gen\u00e8ve, les \u00abdivertissements\u00bb propos\u00e9s aux \u00e9tudiant-es se r\u00e9sument alors aux sports, essentiellement le ski. Claude Goretta, \u00e9tudiant en droit, d\u00e9fend l\u2019id\u00e9e d\u2019une alternative pour celles et ceux \u00abpour qui le sport n\u2019est pas une chose primordiale\u00bb. Convaincu que le cin\u00e9ma a sa place dans la vie universitaire, il milite pour la cr\u00e9ation d\u2019un cin\u00e9-club universitaire et rallie \u00e0 son projet ses amis Alain Tanner et Jean Mohr. Tous trois s\u2019imposeront comme des figures majeures du milieu artistique suisse: Goretta et Tanner en tant que r\u00e9alisateurs, Mohr comme photographe.<\/p>\n<p>Une affaire de passionn\u00e9s<\/p>\n<p>Pour sa premi\u00e8re projection, le Cin\u00e9-club prend place au cin\u00e9ma ABC. Il y montre Farrebique du r\u00e9alisateur fran\u00e7ais Georges Rouquier, invit\u00e9 pour l\u2019occasion \u00e0 donner une conf\u00e9rence sur le nouveau r\u00e9alisme cin\u00e9matographique. Le billet co\u00fbte 1 franc pour les \u00e9tudiant-es et 2 pour le reste du public. Dix jours plus tard, \u00e0 l\u2019Aula d\u2019Uni Bastions, Georges Rouquier pr\u00e9sente l\u2019\u0153uvre du documentariste am\u00e9ricain Robert Flaherty. La soir\u00e9e est gratifi\u00e9e d\u2019une critique \u00e9logieuse dans la Tribune de Gen\u00e8ve. Lorsque para\u00eet le menu de l\u2019hiver 1952-1953, le journal genevois salue un \u00abtr\u00e8s beau programme (\u2026) qui ne manquera pas de valoir au jeune Cin\u00e9-club universitaire la reconnaissance des amis du cin\u00e9ma\u00bb.<\/p>\n<p>\u00a0<\/p>\n<p>\u00a0<\/p>\n<p>Le succ\u00e8s ne tarde en effet pas \u00e0 s\u2019installer, permettant \u00e0 l\u2019initiative de s\u2019ancrer durablement. Au fil des ann\u00e9es, d\u2019autres cin\u00e9philes prennent le relais, parmi lesquels plusieurs futures figures du monde artistique ou journalistique. En pleine Guerre froide, la programmation fait la part belle aux films d\u2019Europe de l\u2019Est avec l\u2019ambition de \u00abcombler ce foss\u00e9 qu\u2019on faisait artificiellement exister entre l\u2019Est et l\u2019Ouest\u00bb, comme le r\u00e9sumera Pierre Barde, \u00e0 la t\u00eate du Cin\u00e9-club au milieu des ann\u00e9es 1950. Au semestre d\u2019hiver 1957-58, le collectif va plus loin en organisant, avec l\u2019appui du Rectorat, des cours consacr\u00e9s au septi\u00e8me art. Dans les ann\u00e9es 1960, l\u2019accent est mis sur la diversit\u00e9: des grands succ\u00e8s am\u00e9ricains aux \u0153uvres les plus rares et inaccessibles, le public est invit\u00e9 \u00e0 parcourir toute l\u2019\u00e9tendue de la culture cin\u00e9matographique.<\/p>\n<p>Naissance des Activit\u00e9s culturelles<\/p>\n<p>En 1970, l\u2019Universit\u00e9 de Gen\u00e8ve cr\u00e9e un poste de responsable des Activit\u00e9s culturelles et le confie \u00e0 Annie Lef\u00e8vre, qui occupera cette fonction pendant trente ans. Au fil de ces trois d\u00e9cennies, elle d\u00e9veloppe une offre artistique riche et vari\u00e9e autour des deux activit\u00e9s d\u00e9j\u00e0 en vigueur, le Cin\u00e9-club et le Ch\u0153ur de l\u2019Universit\u00e9 fond\u00e9 en 1967. Sous son impulsion, la po\u00e9sie, le th\u00e9\u00e2tre, la danse, la photographie, la vid\u00e9o ou les arts num\u00e9riques trouvent progressivement leur place au sein de l\u2019institution.<\/p>\n<p>Au sein du Cin\u00e9-club, Annie Lef\u00e8vre instaure une organisation qui reste en vigueur aujourd\u2019hui. La programmation et la tenue des activit\u00e9s sont confi\u00e9es \u00e0 un comit\u00e9 compos\u00e9 d\u2019\u00e9tudiant-es et d\u2019ancien-nes \u00e9tudiant-es \u2013 l\u2019engagement se prolongeant souvent au-del\u00e0 des ann\u00e9es d\u2019\u00e9tudes. Tr\u00e8s vite, un-e membre de l\u2019\u00e9quipe des Activit\u00e9s culturelles vient \u00e9pauler le comit\u00e9 dans ses t\u00e2ches administratives, de la commande des copies \u00e0 la promotion des s\u00e9ances, en passant par la coordination du comit\u00e9 et la r\u00e9daction des proc\u00e8s-verbaux. Cette r\u00e9partition des r\u00f4les assure \u00e0 la fois continuit\u00e9 et renouvellement, contribuant sans doute \u00e0 la long\u00e9vit\u00e9 du Cin\u00e9-club genevois. En 2026, celui-ci c\u00e9l\u00e8bre ses 75 ans d\u2019existence (voir ci-dessus), ce qui en fait le plus ancien cin\u00e9-club universitaire encore actif de Suisse.<\/p>\n<p>Les g\u00e9n\u00e9rations se succ\u00e8dent<\/p>\n<p>Au fil des d\u00e9cennies, le rapport des membres du comit\u00e9 au cin\u00e9ma \u00e9volue. Si les ann\u00e9es 1980-2000 sont marqu\u00e9es par une approche cin\u00e9phile et intellectuelle, nourrie notamment par les revues sp\u00e9cialis\u00e9es, les g\u00e9n\u00e9rations suivantes entretiennent un rapport plus ouvert et diversifi\u00e9 au septi\u00e8me art. Le comit\u00e9 du Cin\u00e9-club sert \u00e9galement de creuset dont \u00e9mergent des personnalit\u00e9s qui contribuent \u00e0 fa\u00e7onner le paysage culturel genevois. Plusieurs de ses membres ont ainsi particip\u00e9, entre autres, \u00e0 l\u2019av\u00e8nement du Festival international du film de Gen\u00e8ve (GIFF), du Festival du film et forum international sur les droits humains de Gen\u00e8ve (FIFDH) ou encore de Swiss Films, l\u2019agence de promotion du cin\u00e9ma suisse, bas\u00e9e \u00e0 Gen\u00e8ve.<\/p>\n<p>Aujourd\u2019hui, \u00e0 l\u2019heure des plateformes de streaming, la mission du Cin\u00e9-club demeure. \u00abPour chaque cycle, au moins un film est difficile, voire impossible, \u00e0 trouver, souligne Michael Aung Kyaw, charg\u00e9 du Cin\u00e9-club \u00e0 la Division de la formation et des \u00e9tudiant-es de l\u2019UNIGE. Notre objectif est de continuer \u00e0 faire d\u00e9couvrir le cin\u00e9ma et sa culture dans toute sa diversit\u00e9, tout en donnant acc\u00e8s \u00e0 des \u0153uvres plus rares.\u00bb En juillet 2024, des travaux de r\u00e9novation ont d\u00e9but\u00e9 \u00e0 l\u2019Auditorium Arditi, les projections se sont alors d\u00e9plac\u00e9es aux Cin\u00e9mas du Gr\u00fctli, devenus partenaires du Cin\u00e9-club. Trois cycles th\u00e9matiques y sont propos\u00e9s chaque ann\u00e9e, soit une trentaine de s\u00e9ances, auxquelles les \u00e9tudiant-es en cin\u00e9ma peuvent assister gratuitement.<\/p>\n","protected":false},"excerpt":{"rendered":"Le Cin\u00e9-club universitaire f\u00eate 75 ans d\u2019histoire Fond\u00e9 en 1951 par Claude Goretta, Alain Tanner et Jean Mohr,&hellip;\n","protected":false},"author":2,"featured_media":290264,"comment_status":"","ping_status":"","sticky":false,"template":"","format":"standard","meta":{"footnotes":"","_share_on_mastodon":"0"},"categories":[10],"tags":[113,112,23],"class_list":["post-290263","post","type-post","status-publish","format-standard","has-post-thumbnail","category-divertissement","tag-divertissement","tag-entertainment","tag-suisse"],"share_on_mastodon":{"url":"https:\/\/pubeurope.com\/@ch_fr\/117209039046450688","error":""},"_links":{"self":[{"href":"https:\/\/www.europesays.com\/ch-fr\/wp-json\/wp\/v2\/posts\/290263","targetHints":{"allow":["GET"]}}],"collection":[{"href":"https:\/\/www.europesays.com\/ch-fr\/wp-json\/wp\/v2\/posts"}],"about":[{"href":"https:\/\/www.europesays.com\/ch-fr\/wp-json\/wp\/v2\/types\/post"}],"author":[{"embeddable":true,"href":"https:\/\/www.europesays.com\/ch-fr\/wp-json\/wp\/v2\/users\/2"}],"replies":[{"embeddable":true,"href":"https:\/\/www.europesays.com\/ch-fr\/wp-json\/wp\/v2\/comments?post=290263"}],"version-history":[{"count":0,"href":"https:\/\/www.europesays.com\/ch-fr\/wp-json\/wp\/v2\/posts\/290263\/revisions"}],"wp:featuredmedia":[{"embeddable":true,"href":"https:\/\/www.europesays.com\/ch-fr\/wp-json\/wp\/v2\/media\/290264"}],"wp:attachment":[{"href":"https:\/\/www.europesays.com\/ch-fr\/wp-json\/wp\/v2\/media?parent=290263"}],"wp:term":[{"taxonomy":"category","embeddable":true,"href":"https:\/\/www.europesays.com\/ch-fr\/wp-json\/wp\/v2\/categories?post=290263"},{"taxonomy":"post_tag","embeddable":true,"href":"https:\/\/www.europesays.com\/ch-fr\/wp-json\/wp\/v2\/tags?post=290263"}],"curies":[{"name":"wp","href":"https:\/\/api.w.org\/{rel}","templated":true}]}}