{"id":290265,"date":"2026-09-03T20:40:15","date_gmt":"2026-09-03T20:40:15","guid":{"rendered":"https:\/\/www.europesays.com\/ch-fr\/290265\/"},"modified":"2026-09-03T20:40:15","modified_gmt":"2026-09-03T20:40:15","slug":"sion-renverse-bale-au-parc-saint-jacques-revivez-la-rencontre","status":"publish","type":"post","link":"https:\/\/www.europesays.com\/ch-fr\/290265\/","title":{"rendered":"Sion renverse B\u00e2le au Parc Saint-Jacques. Revivez la rencontre"},"content":{"rendered":"<p>\n        Sion renverse B\u00e2le au Parc Saint-Jacques. Revivez la rencontre\n      <\/p>\n<p>Gr\u00e2ce \u00e0 un doubl\u00e9 de l\u2019in\u00e9vitable Winsley Boteli, Sion rentre en Valais avec 3 points, apr\u00e8s une prestation aboutie. La meilleure \u00e9quipe sur le terrain l\u2019a emport\u00e9 !<\/p>\n<p>  <a href=\"https:\/\/www.lenouvelliste.ch\/auteurs\/bonvin-1509743\" class=\"image-container\" rel=\"nofollow noopener\" target=\"_blank\">   <img   alt=\"aa429050-746e-4b86-84d0-d1e57549bb3c\" draggable=\"false\" loading=\"lazy\" decoding=\"async\" data-picture=\"true\" data-slot=\"img\" data-extension=\"jpeg\" class=\"no-class nuxt-aio-img\" data-v-4a672483=\"\"\/><\/a>      <img   alt=\"Logo_FC_Sion_1977.svg\" draggable=\"false\" loading=\"lazy\" decoding=\"async\" data-picture=\"true\" data-slot=\"img\" data-extension=\"png\" class=\"no-class nuxt-aio-img\" data-v-4a672483=\"\"\/>    <img   alt=\"Josias Lukembila tente d'\u00e9chapper au tacle de Becir Omeragic lors du match entre le FC Sion et le FC B\u00e2le au stade Saint-Jacques.\" draggable=\"false\" loading=\"lazy\" decoding=\"async\" data-picture=\"true\" data-slot=\"img\" data-extension=\"jpg\" class=\"no-class nuxt-aio-img\" data-v-4a672483=\"\"\/> <\/p>\n<p>\n                  Josias Lukembila tente d&rsquo;\u00e9chapper au tacle de Becir Omeragic lors du match entre le FC Sion et le FC B\u00e2le au stade Saint-Jacques.\n                <\/p>\n<p>                  Keystone\/Manuel Geisser<br \/>\n                   <img   alt=\"Fod\u00e9 Sylla relance une action du FC Sion lors du match face au FC Lugano au stade de Tourbillon\" draggable=\"false\" loading=\"lazy\" decoding=\"async\" data-picture=\"true\" data-slot=\"img\" data-extension=\"jpg\" class=\"no-class nuxt-aio-img\" data-v-4a672483=\"\"\/> <\/p>\n<p>\n                  Fod\u00e9 Sylla relance une action du FC Sion lors du match face au FC Lugano au stade de Tourbillon\n                <\/p>\n<p>                  FC Sion &#8211; Arnaud Beysard<br \/>\n                   <img   alt=\"FC B\u00e2le\" draggable=\"false\" loading=\"lazy\" decoding=\"async\" data-picture=\"true\" data-slot=\"img\" data-extension=\"png\" class=\"no-class nuxt-aio-img\" data-v-4a672483=\"\"\/>    <img   alt=\"Logo_FC_Sion_1977.svg\" draggable=\"false\" loading=\"lazy\" decoding=\"async\" data-picture=\"true\" data-slot=\"img\" data-extension=\"png\" class=\"no-class nuxt-aio-img\" data-v-4a672483=\"\"\/>    <img   alt=\"Josias Lukembila tente d'\u00e9chapper au tacle de Becir Omeragic lors du match entre le FC Sion et le FC B\u00e2le au stade Saint-Jacques.\" draggable=\"false\" loading=\"lazy\" decoding=\"async\" data-picture=\"true\" data-slot=\"img\" data-extension=\"jpg\" class=\"no-class nuxt-aio-img\" data-v-4a672483=\"\"\/> <\/p>\n<p>\n                  Josias Lukembila tente d&rsquo;\u00e9chapper au tacle de Becir Omeragic lors du match entre le FC Sion et le FC B\u00e2le au stade Saint-Jacques.\n                <\/p>\n<p>                  Keystone\/Manuel Geisser<br \/>\n                   <img   alt=\"Fod\u00e9 Sylla relance une action du FC Sion lors du match face au FC Lugano au stade de Tourbillon\" draggable=\"false\" loading=\"lazy\" decoding=\"async\" data-picture=\"true\" data-slot=\"img\" data-extension=\"jpg\" class=\"no-class nuxt-aio-img\" data-v-4a672483=\"\"\/> <\/p>\n<p>\n                  Fod\u00e9 Sylla relance une action du FC Sion lors du match face au FC Lugano au stade de Tourbillon\n                <\/p>\n<p>                  FC Sion &#8211; Arnaud Beysard<br \/>\n                   <img   alt=\"FC B\u00e2le\" draggable=\"false\" loading=\"lazy\" decoding=\"async\" data-picture=\"true\" data-slot=\"img\" data-extension=\"png\" class=\"no-class nuxt-aio-img\" data-v-4a672483=\"\"\/>    <img   alt=\"Logo_FC_Sion_1977.svg\" draggable=\"false\" loading=\"lazy\" decoding=\"async\" data-picture=\"true\" data-slot=\"img\" data-extension=\"png\" class=\"no-class nuxt-aio-img\" data-v-4a672483=\"\"\/>      <\/p>\n","protected":false},"excerpt":{"rendered":"Sion renverse B\u00e2le au Parc Saint-Jacques. Revivez la rencontre Gr\u00e2ce \u00e0 un doubl\u00e9 de l\u2019in\u00e9vitable Winsley Boteli, Sion&hellip;\n","protected":false},"author":2,"featured_media":290266,"comment_status":"","ping_status":"","sticky":false,"template":"","format":"standard","meta":{"footnotes":"","_share_on_mastodon":"0"},"categories":[8],"tags":[199,180,198,75,23],"class_list":["post-290265","post","type-post","status-publish","format-standard","has-post-thumbnail","category-sports","tag-ce-quil-sest-passe","tag-fc-sion","tag-info-brute","tag-sports","tag-suisse"],"share_on_mastodon":{"url":"https:\/\/pubeurope.com\/@ch_fr\/117209047260879202","error":""},"_links":{"self":[{"href":"https:\/\/www.europesays.com\/ch-fr\/wp-json\/wp\/v2\/posts\/290265","targetHints":{"allow":["GET"]}}],"collection":[{"href":"https:\/\/www.europesays.com\/ch-fr\/wp-json\/wp\/v2\/posts"}],"about":[{"href":"https:\/\/www.europesays.com\/ch-fr\/wp-json\/wp\/v2\/types\/post"}],"author":[{"embeddable":true,"href":"https:\/\/www.europesays.com\/ch-fr\/wp-json\/wp\/v2\/users\/2"}],"replies":[{"embeddable":true,"href":"https:\/\/www.europesays.com\/ch-fr\/wp-json\/wp\/v2\/comments?post=290265"}],"version-history":[{"count":0,"href":"https:\/\/www.europesays.com\/ch-fr\/wp-json\/wp\/v2\/posts\/290265\/revisions"}],"wp:featuredmedia":[{"embeddable":true,"href":"https:\/\/www.europesays.com\/ch-fr\/wp-json\/wp\/v2\/media\/290266"}],"wp:attachment":[{"href":"https:\/\/www.europesays.com\/ch-fr\/wp-json\/wp\/v2\/media?parent=290265"}],"wp:term":[{"taxonomy":"category","embeddable":true,"href":"https:\/\/www.europesays.com\/ch-fr\/wp-json\/wp\/v2\/categories?post=290265"},{"taxonomy":"post_tag","embeddable":true,"href":"https:\/\/www.europesays.com\/ch-fr\/wp-json\/wp\/v2\/tags?post=290265"}],"curies":[{"name":"wp","href":"https:\/\/api.w.org\/{rel}","templated":true}]}}