{"id":290281,"date":"2026-09-03T20:52:14","date_gmt":"2026-09-03T20:52:14","guid":{"rendered":"https:\/\/www.europesays.com\/ch-fr\/290281\/"},"modified":"2026-09-03T20:52:14","modified_gmt":"2026-09-03T20:52:14","slug":"vitrac-saint-vincent-la-peintre-brigitte-toutant-expose-ses-oeuvres-en-marge-du-vide-greniers","status":"publish","type":"post","link":"https:\/\/www.europesays.com\/ch-fr\/290281\/","title":{"rendered":"Vitrac-Saint-Vincent\u00a0: la peintre Brigitte Toutant expose ses \u0153uvres en marge du vide-greniers"},"content":{"rendered":"<p>Sur une id\u00e9e d\u2019Erick, les deux couples ont d\u00e9cid\u00e9 d\u2019organiser une exposition des \u0153uvres de Brigitte Toutant dans les maisons \u00e0 vider. La premi\u00e8re a eu lieu \u00e0 La Rochefoucauld en juillet. \u00ab\u00a0On a d\u00e9cid\u00e9 d\u2019en faire un concept \u00ab\u00a0r\u00e9v\u00e9lateur d\u2019\u00e9v\u00e9nements \u00ab\u00a0appel\u00e9 les \u00ab\u00a04 In\u00e9dits\u00a0\u00bb, dit Jacky Boutineau.<\/p>\n<p>Dimanche, l\u2019\u00e9glise sera ouverte aux horaires du vide-greniers pour exposer les \u0153uvres abstraites et color\u00e9es de Brigitte Toutant. L\u2019artiste, qui a expos\u00e9 dans de nombreuses galeries au Qu\u00e9bec, puise ses mod\u00e8les dans la nature. Elle cr\u00e9e des collages photographiques qu\u2019elle r\u00e9alise ensuite en peinture.<\/p>\n<p>\u00ab\u00a0Je pourrais passer deux semaines \u00e0 ajouter des petites touches de couleurs dont je dispose. La couleur pour la couleur, le bonheur \u00bb, commente Brigitte Toutant avec l\u2019accent des cousins du Canada.<\/p>\n<p>(1) L\u2019accueil des exposants du vide-greniers se fera \u00e0 partir de 7 heures ce dimanche 6\u00a0septembre. Gratuit sans r\u00e9servation, visiteurs et chineurs \u00e0 partir de 8 heures. Buvette et food-trucks. Contact\u00a0: 06\u00a079\u00a046\u00a057\u00a085.<\/p>\n","protected":false},"excerpt":{"rendered":"Sur une id\u00e9e d\u2019Erick, les deux couples ont d\u00e9cid\u00e9 d\u2019organiser une exposition des \u0153uvres de Brigitte Toutant dans&hellip;\n","protected":false},"author":2,"featured_media":290282,"comment_status":"","ping_status":"","sticky":false,"template":"","format":"standard","meta":{"footnotes":"","_share_on_mastodon":"0"},"categories":[14],"tags":[155,156,113,112,23],"class_list":["post-290281","post","type-post","status-publish","format-standard","has-post-thumbnail","category-arts-et-design","tag-arts-and-design","tag-arts-et-design","tag-divertissement","tag-entertainment","tag-suisse"],"share_on_mastodon":{"url":"https:\/\/pubeurope.com\/@ch_fr\/117209094475605771","error":""},"_links":{"self":[{"href":"https:\/\/www.europesays.com\/ch-fr\/wp-json\/wp\/v2\/posts\/290281","targetHints":{"allow":["GET"]}}],"collection":[{"href":"https:\/\/www.europesays.com\/ch-fr\/wp-json\/wp\/v2\/posts"}],"about":[{"href":"https:\/\/www.europesays.com\/ch-fr\/wp-json\/wp\/v2\/types\/post"}],"author":[{"embeddable":true,"href":"https:\/\/www.europesays.com\/ch-fr\/wp-json\/wp\/v2\/users\/2"}],"replies":[{"embeddable":true,"href":"https:\/\/www.europesays.com\/ch-fr\/wp-json\/wp\/v2\/comments?post=290281"}],"version-history":[{"count":0,"href":"https:\/\/www.europesays.com\/ch-fr\/wp-json\/wp\/v2\/posts\/290281\/revisions"}],"wp:featuredmedia":[{"embeddable":true,"href":"https:\/\/www.europesays.com\/ch-fr\/wp-json\/wp\/v2\/media\/290282"}],"wp:attachment":[{"href":"https:\/\/www.europesays.com\/ch-fr\/wp-json\/wp\/v2\/media?parent=290281"}],"wp:term":[{"taxonomy":"category","embeddable":true,"href":"https:\/\/www.europesays.com\/ch-fr\/wp-json\/wp\/v2\/categories?post=290281"},{"taxonomy":"post_tag","embeddable":true,"href":"https:\/\/www.europesays.com\/ch-fr\/wp-json\/wp\/v2\/tags?post=290281"}],"curies":[{"name":"wp","href":"https:\/\/api.w.org\/{rel}","templated":true}]}}