{"id":290283,"date":"2026-09-03T20:53:15","date_gmt":"2026-09-03T20:53:15","guid":{"rendered":"https:\/\/www.europesays.com\/ch-fr\/290283\/"},"modified":"2026-09-03T20:53:15","modified_gmt":"2026-09-03T20:53:15","slug":"nayte-nouvelle-ecole-est-un-ancien-candidat-de-the-voice-kids-decouvrez-les-images-de-son-passage-dans-lemission-video","status":"publish","type":"post","link":"https:\/\/www.europesays.com\/ch-fr\/290283\/","title":{"rendered":"Nayte (Nouvelle \u00c9cole) est un ancien candidat de The Voice Kids, d\u00e9couvrez les images de son passage dans l\u2019\u00e9mission (VIDEO)"},"content":{"rendered":"<p>Lors des battles de la saison 5 de Nouvelle \u00c9cole sur Netflix, on apprend que le jeune artiste belge Nayte a particip\u00e9 \u00e0 The Voice Kids, mais \u00e9galement que sa m\u00e8re a particip\u00e9 \u00e0 l&rsquo;Eurovision. Retour sur son passage dans l&rsquo;\u00e9mission. <\/p>\n<p>Depuis ce mercredi 2 septembre, les fans de <a href=\"https:\/\/www.programme-tv.net\/news\/tv\/407179-nouvelle-ecole-saison-5-quand-sortent-les-prochains-episodes-sur-netflix\/\" data-api-deeplink=\"teleloisirs:\/\/news\/407179\" rel=\"nofollow noopener\" target=\"_blank\">Nouvelle \u00c9cole<\/a> sur Netflix peuvent visionner trois nouveaux \u00e9pisodes de la saison 5. Parmi eux se trouve l&rsquo;\u00e9preuve la plus redout\u00e9e par les candidats : les clashs. Lors de la pr\u00e9paration des prestations de chacun, <a href=\"https:\/\/www.programme-tv.net\/news\/people\/399038-elle-est-retombee-recemment-malade-oli-evoque-l-etat-de-sante-de-sa-mere-le-rappeur-peut-compter-sur-le-soutien-de-diam-s\/\" data-api-deeplink=\"teleloisirs:\/\/news\/399038\" rel=\"nofollow noopener\" target=\"_blank\">Oli<\/a> coache et conseille Badara, qui s&rsquo;appr\u00eate \u00e0 affronter Nayte (coach\u00e9 par son fr\u00e8re <a href=\"https:\/\/www.programme-tv.net\/news\/musique\/262320-jai-un-probleme-avec-la-celebrite-florian-laine-de-bigflo-et-oli-se-livre-sur-ses-difficultes-dans-le-metier\/\" data-api-deeplink=\"teleloisirs:\/\/news\/262320\" rel=\"nofollow noopener\" target=\"_blank\">Big Flo<\/a>).<\/p>\n<p>Oli lui confie alors : \u00ab\u00a0Je suis venu avec deux dossiers sur Nayte. Le premier est qu&rsquo;il a fait The Voice Kids, et le deuxi\u00e8me c&rsquo;est que sa m\u00e8re a fait l&rsquo;Eurovision.\u00a0\u00bb Une belle aubaine pour le jeune Badara qui ne manquera pas d&rsquo;attaquer son adversaire l\u00e0-dessus, notamment en montrant une affiche de lui au public et au jury.<\/p>\n<p>Nayte (Nouvelle \u00c9cole) a particip\u00e9 \u00e0 The Voice Kids Belgique en 2020, sa m\u00e8re a particip\u00e9 \u00e0 l&rsquo;Eurovision !<\/p>\n<p>C&rsquo;est 2020 que Nayte a particip\u00e9 \u00e0 The Voice Kids dans son pays, la Belgique. L&rsquo;artiste originaire de Feneur (banlieue de Li\u00e8ge) avait alors 14 ans et s&rsquo;\u00e9tait pr\u00e9sent\u00e9 sous son vrai nom, Etyan. D\u00e9j\u00e0 \u00e0 cette \u00e9poque, il poss\u00e9dait une fibre artistique remarquable, notamment par la voix. Son interpr\u00e9tation de la musique Marvin Gaye de <a href=\"https:\/\/www.programme-tv.net\/news\/musique\/253250-one-world-charlie-puth-oublie-de-faire-son-lit-avant-son-live-et-se-fait-charrier-sur-les-reseaux-sociaux\/\" data-api-deeplink=\"teleloisirs:\/\/news\/253250\" rel=\"nofollow noopener\" target=\"_blank\">Charlie Puth<\/a> avait particuli\u00e8rement plu au jury, surtout <a href=\"https:\/\/www.programme-tv.net\/news\/people\/402855-vitaa-devoile-sa-perte-de-poids-et-se-confie-sur-les-complexes-qu-elle-a-traines-comme-un-boulet-pendant-des-annees-photos\/\" data-api-deeplink=\"teleloisirs:\/\/news\/402855\" rel=\"nofollow noopener\" target=\"_blank\">Vitaa<\/a>.<\/p>\n<p>Aujourd&rsquo;hui dans <a href=\"https:\/\/www.programme-tv.net\/news\/tv\/405833-nouvelle-ecole-saison-5-netflix-devoile-la-date-de-sortie-et-les-premieres-images-du-nouveau-jury\/\" data-api-deeplink=\"teleloisirs:\/\/news\/405833\" rel=\"nofollow noopener\" target=\"_blank\">Nouvelle \u00c9cole<\/a>, Nayte a r\u00e9ussi \u00e0 se hisser jusqu&rsquo;en finale avec Mischa et Typhee. Une prestation remarquable due \u00e0 sa grande polyvalence. En effet le Li\u00e9gois ma\u00eetrise beaucoup de facettes de la culture hip-hop, que ce soit par ses tenues vestimentaires, ses textes mais aussi sa capacit\u00e9 \u00e0 danser comme un vrai am\u00e9ricain.<\/p>\n<p>Mais alors, d&rsquo;o\u00f9 viennent cette passion et ce talent pour la musique ? C&rsquo;est sa m\u00e8re, Morgane (de son vrai nom Ingrid Simonis), qui lui a transmis ce savoir. En effet elle est connue pour avoir particip\u00e9 \u00e0 l&rsquo;Eurovision en 1992.<\/p>\n<p>    Nayte peut-il \u00eatre sacr\u00e9 gagnant de Nouvelle \u00c9cole ?<\/p>\n<p>On le sait depuis mercredi, Nayte est en finale. Apr\u00e8s avoir pass\u00e9 l&rsquo;\u00e9preuve des battles, la premi\u00e8re partie de <a href=\"https:\/\/www.programme-tv.net\/news\/series-tv\/391558-c-est-le-pire-battle-de-toutes-les-saisons-sdm-pousse-un-gros-coup-de-gueule-dans-nouvelle-ecole\/\" data-api-deeplink=\"teleloisirs:\/\/news\/391558\" rel=\"nofollow noopener\" target=\"_blank\">SDM<\/a> et le feat avec L2B de mani\u00e8re plut\u00f4t in extremis, le jeune belge va devoir redoubler d&rsquo;efforts pour convaincre le jury qu&rsquo;il est le futur du rap francophone. D&rsquo;autant plus que la t\u00e2che s&rsquo;annonce difficile face \u00e0 des adversaires redoutables qui ont quasiment, \u00e0 chaque \u00e9preuve, conquis le jury.<\/p>\n","protected":false},"excerpt":{"rendered":"Lors des battles de la saison 5 de Nouvelle \u00c9cole sur Netflix, on apprend que le jeune artiste&hellip;\n","protected":false},"author":2,"featured_media":290284,"comment_status":"","ping_status":"","sticky":false,"template":"","format":"standard","meta":{"footnotes":"","_share_on_mastodon":"0"},"categories":[13],"tags":[16016,489,113,112,486,59703,485,23,487,142,293],"class_list":["post-290283","post","type-post","status-publish","format-standard","has-post-thumbnail","category-television","tag-bigflo-oli","tag-commentaire","tag-divertissement","tag-entertainment","tag-netflix","tag-nouvelle-u00e9cole","tag-pub-streaming-netflix","tag-suisse","tag-svod","tag-television","tag-theodora"],"share_on_mastodon":{"url":"https:\/\/pubeurope.com\/@ch_fr\/117209098215437995","error":""},"_links":{"self":[{"href":"https:\/\/www.europesays.com\/ch-fr\/wp-json\/wp\/v2\/posts\/290283","targetHints":{"allow":["GET"]}}],"collection":[{"href":"https:\/\/www.europesays.com\/ch-fr\/wp-json\/wp\/v2\/posts"}],"about":[{"href":"https:\/\/www.europesays.com\/ch-fr\/wp-json\/wp\/v2\/types\/post"}],"author":[{"embeddable":true,"href":"https:\/\/www.europesays.com\/ch-fr\/wp-json\/wp\/v2\/users\/2"}],"replies":[{"embeddable":true,"href":"https:\/\/www.europesays.com\/ch-fr\/wp-json\/wp\/v2\/comments?post=290283"}],"version-history":[{"count":0,"href":"https:\/\/www.europesays.com\/ch-fr\/wp-json\/wp\/v2\/posts\/290283\/revisions"}],"wp:featuredmedia":[{"embeddable":true,"href":"https:\/\/www.europesays.com\/ch-fr\/wp-json\/wp\/v2\/media\/290284"}],"wp:attachment":[{"href":"https:\/\/www.europesays.com\/ch-fr\/wp-json\/wp\/v2\/media?parent=290283"}],"wp:term":[{"taxonomy":"category","embeddable":true,"href":"https:\/\/www.europesays.com\/ch-fr\/wp-json\/wp\/v2\/categories?post=290283"},{"taxonomy":"post_tag","embeddable":true,"href":"https:\/\/www.europesays.com\/ch-fr\/wp-json\/wp\/v2\/tags?post=290283"}],"curies":[{"name":"wp","href":"https:\/\/api.w.org\/{rel}","templated":true}]}}