{"id":290293,"date":"2026-09-03T20:58:14","date_gmt":"2026-09-03T20:58:14","guid":{"rendered":"https:\/\/www.europesays.com\/ch-fr\/290293\/"},"modified":"2026-09-03T20:58:14","modified_gmt":"2026-09-03T20:58:14","slug":"auger-aliassime-sorti-des-le-2e-tour","status":"publish","type":"post","link":"https:\/\/www.europesays.com\/ch-fr\/290293\/","title":{"rendered":"Auger-Aliassime sorti d\u00e8s le 2e tour"},"content":{"rendered":"<p class=\"wysiwyg-h2\">Ce n&rsquo;est pas en 2026 que F\u00e9lix Auger-Aliassime (ATP 4) signera son premier exploit en Grand Chelem. Le Canadien a \u00e9t\u00e9 sorti d\u00e8s le 2e tour de l&rsquo;US Open jeudi.<\/p>\n<p>T\u00eate de s\u00e9rie no 3 du tableau \u00e0 New York, F\u00e9lix-Auger Aliassime s&rsquo;est inclin\u00e9 6-7 (5\/7) 6-3 6-2 6-2 apr\u00e8s 3h17 de jeu devant le Russe Karen Khachanov (ATP 50). Le Qu\u00e9b\u00e9cois s&rsquo;est effondr\u00e9 apr\u00e8s la perte de la deuxi\u00e8me manche, ne se procurant pas la moindre balle de break dans les deux derniers sets.<\/p>\n<p>&lsquo;FAA&rsquo; affrontait certes un joueur qui figurait encore dans le Top 20 mondial \u00e0 la mi-juin et qui avait atteint le dernier carr\u00e9 \u00e0 l&rsquo;US Open en 2022. N&#8217;emp\u00eache qu&rsquo;il faisait partie des outsiders \u00e0 Flushing Meadows, apr\u00e8s s&rsquo;\u00eatre hiss\u00e9 en quarts de finale \u00e0 Roland-Garros et \u00e0 Wimbledon cette saison.<\/p>\n<p>Demi-finaliste l&rsquo;an dernier \u00e0 New York, F\u00e9lix Auger-Aliassime (26 ans) va perdre 750 points dans l&rsquo;aventure. S&rsquo;il reste pour l&rsquo;heure virtuellement 4e du classement ATP, il pourrait chuter dans la hi\u00e9rarchie en fonction des r\u00e9sultats de ses poursuivants.<\/p>\n<p> \/ATS<\/p>\n","protected":false},"excerpt":{"rendered":"Ce n&rsquo;est pas en 2026 que F\u00e9lix Auger-Aliassime (ATP 4) signera son premier exploit en Grand Chelem. Le&hellip;\n","protected":false},"author":2,"featured_media":290294,"comment_status":"","ping_status":"","sticky":false,"template":"","format":"standard","meta":{"footnotes":"","_share_on_mastodon":"0"},"categories":[8],"tags":[121,124,128,119,122,123,118,136,132,131,133,130,135,120,126,117,125,114,115,116,75,23,129,127,134],"class_list":["post-290293","post","type-post","status-publish","format-standard","has-post-thumbnail","category-sports","tag-ajoie","tag-animation","tag-bienne","tag-delemont","tag-franches-montagnes","tag-frequence","tag-jura","tag-jura-bernois","tag-la-chaux-de-fonds","tag-moutier","tag-neuchatel","tag-neuveville","tag-payerne","tag-porrentruy","tag-publicite","tag-radio","tag-redaction","tag-rfj","tag-rjb","tag-rtn","tag-sports","tag-suisse","tag-tavannes","tag-vallon-de-st-imier","tag-yverdon"],"share_on_mastodon":{"url":"https:\/\/pubeurope.com\/@ch_fr\/117209117904583701","error":""},"_links":{"self":[{"href":"https:\/\/www.europesays.com\/ch-fr\/wp-json\/wp\/v2\/posts\/290293","targetHints":{"allow":["GET"]}}],"collection":[{"href":"https:\/\/www.europesays.com\/ch-fr\/wp-json\/wp\/v2\/posts"}],"about":[{"href":"https:\/\/www.europesays.com\/ch-fr\/wp-json\/wp\/v2\/types\/post"}],"author":[{"embeddable":true,"href":"https:\/\/www.europesays.com\/ch-fr\/wp-json\/wp\/v2\/users\/2"}],"replies":[{"embeddable":true,"href":"https:\/\/www.europesays.com\/ch-fr\/wp-json\/wp\/v2\/comments?post=290293"}],"version-history":[{"count":0,"href":"https:\/\/www.europesays.com\/ch-fr\/wp-json\/wp\/v2\/posts\/290293\/revisions"}],"wp:featuredmedia":[{"embeddable":true,"href":"https:\/\/www.europesays.com\/ch-fr\/wp-json\/wp\/v2\/media\/290294"}],"wp:attachment":[{"href":"https:\/\/www.europesays.com\/ch-fr\/wp-json\/wp\/v2\/media?parent=290293"}],"wp:term":[{"taxonomy":"category","embeddable":true,"href":"https:\/\/www.europesays.com\/ch-fr\/wp-json\/wp\/v2\/categories?post=290293"},{"taxonomy":"post_tag","embeddable":true,"href":"https:\/\/www.europesays.com\/ch-fr\/wp-json\/wp\/v2\/tags?post=290293"}],"curies":[{"name":"wp","href":"https:\/\/api.w.org\/{rel}","templated":true}]}}