{"id":290297,"date":"2026-09-03T21:00:12","date_gmt":"2026-09-03T21:00:12","guid":{"rendered":"https:\/\/www.europesays.com\/ch-fr\/290297\/"},"modified":"2026-09-03T21:00:12","modified_gmt":"2026-09-03T21:00:12","slug":"la-sous-performance-des-actions-francaises-appelee-a-durer-previent-goldman","status":"publish","type":"post","link":"https:\/\/www.europesays.com\/ch-fr\/290297\/","title":{"rendered":"La sous-performance des actions fran\u00e7aises appel\u00e9e \u00e0 durer, pr\u00e9vient Goldman"},"content":{"rendered":"<p>(Zonebourse.com) &#8211; La sous-performance des actions fran\u00e7aises, qui font largement moins bien que le reste de l&rsquo;Europe depuis plus de deux ans, est appel\u00e9e \u00e0 se prolonger avec l&rsquo;incertitude li\u00e9e \u00e0 l&rsquo;issue de l&rsquo;\u00e9lection pr\u00e9sidentielle de 2027, pr\u00e9viennent jeudi les strat\u00e8ges de Goldman Sachs.<\/p>\n<p>Dans une note intitul\u00e9e \u00ab\u00a0Trop t\u00f4t pour se repositionner\u00a0\u00bb parue plus t\u00f4t dans la journ\u00e9e, la banque d&rsquo;affaires am\u00e9ricaine rappelle que le <a class=\"autotag link\" target=\"_blank\" href=\"https:\/\/www.tradingsat.com\/cac-40-FR0003500008\/\" rel=\"nofollow noopener\">CAC 40<\/a> a \u00e9t\u00e9 l&rsquo;indice europ\u00e9en le moins performant cette ann\u00e9e, mais aussi en 2024 et 2025.<\/p>\n<p>Sa hausse depuis le 1er janvier se limite ainsi \u00e0 1,6%, alors que l&rsquo;indice STOXX Europe 600 s&rsquo;est adjug\u00e9 pr\u00e8s de 8,7% dans l&rsquo;intervalle.<\/p>\n<p>Si Goldman reconna\u00eet que les actions hexagonales p\u00e2tissent aujourd&rsquo;hui d&rsquo;une incontestable d\u00e9cote, la firme new-yorkaise juge que leurs valorisations ne sont pas encore devenues attractives pour autant.<\/p>\n<p>\u00ab\u00a0Les valeurs fran\u00e7aises ont baiss\u00e9, mais elles ne sont pas encore bon march\u00e9\u00a0\u00bb, souligne Goldman. \u00ab\u00a0Au vu de l&rsquo;incertitude qui entoure la question de la dette, leurs cours pourraient encore chuter de plus de 10%\u00a0\u00bb, estiment les \u00e9quipes emmen\u00e9es par le strat\u00e9giste vedette de la banque, Peter Oppenheimer.<\/p>\n<p>68% de chances de victoire pour Marine Le Pen<\/p>\n<p>Alors que le spread de taux entre les OAT et les Bunds atteint des sommets depuis plusieurs ann\u00e9es, la d\u00e9cote des actions fran\u00e7aises continue, elle, d&rsquo;\u00e9voluer en ligne avec ses niveaux historiques, poursuit l&rsquo;\u00e9tablissement financier.<\/p>\n<p>\u00ab\u00a0Au final, qu&rsquo;il s&rsquo;agisse des multinationales ou des entreprises locales, les actions fran\u00e7aises ne repr\u00e9sentent pas de v\u00e9ritable opportunit\u00e9 d&rsquo;achat \u00e0 leurs niveaux de cours actuels\u00a0\u00bb, conclut Goldman.<\/p>\n<p>La banque am\u00e9ricaine indique donc s&rsquo;attendre \u00e0 ce que l&rsquo;incertitude \u00e9lectorale maintienne la prime de risque fran\u00e7aise \u00e0 un niveau \u00e9lev\u00e9 et prolonge la d\u00e9cote appliqu\u00e9e par les investisseurs \u00e0 la France.<\/p>\n<p>Alors que les pr\u00e9dictions \u00e9tablies par Polymarket n&rsquo;accordent que 33% de victoire \u00e0 Marine Le Pen, le mod\u00e8le \u00e9tabli par ses propres \u00e9conomistes attribue \u00e0 la candidate du RN une probabilit\u00e9 de succ\u00e8s de 68%, faisant d&rsquo;elle la candidate favorite de l&rsquo;\u00e9lection.<\/p>\n<p>A la Bourse de Paris, l&rsquo;indice <a class=\"autotag link\" target=\"_blank\" href=\"https:\/\/www.tradingsat.com\/cac-40-FR0003500008\/\" rel=\"nofollow noopener\">CAC 40<\/a> grappillait moins de 0,1% ce jeudi, faisant encore nettement moins bien que le DAX de Francfort ( 0,6%) ou le FTSE 100 \u00e0 Londres ( 0,7%).<\/p>\n<p>Copyright (c) 2026 Zonebourse.com &#8211; All rights reserved.<\/p>\n","protected":false},"excerpt":{"rendered":"(Zonebourse.com) &#8211; La sous-performance des actions fran\u00e7aises, qui font largement moins bien que le reste de l&rsquo;Europe depuis&hellip;\n","protected":false},"author":2,"featured_media":290298,"comment_status":"","ping_status":"","sticky":false,"template":"","format":"standard","meta":{"footnotes":"","_share_on_mastodon":"0"},"categories":[6],"tags":[45,44,43,23],"class_list":["post-290297","post","type-post","status-publish","format-standard","has-post-thumbnail","category-economie","tag-business","tag-economie","tag-economy","tag-suisse"],"share_on_mastodon":{"url":"https:\/\/pubeurope.com\/@ch_fr\/117209125737030901","error":""},"_links":{"self":[{"href":"https:\/\/www.europesays.com\/ch-fr\/wp-json\/wp\/v2\/posts\/290297","targetHints":{"allow":["GET"]}}],"collection":[{"href":"https:\/\/www.europesays.com\/ch-fr\/wp-json\/wp\/v2\/posts"}],"about":[{"href":"https:\/\/www.europesays.com\/ch-fr\/wp-json\/wp\/v2\/types\/post"}],"author":[{"embeddable":true,"href":"https:\/\/www.europesays.com\/ch-fr\/wp-json\/wp\/v2\/users\/2"}],"replies":[{"embeddable":true,"href":"https:\/\/www.europesays.com\/ch-fr\/wp-json\/wp\/v2\/comments?post=290297"}],"version-history":[{"count":0,"href":"https:\/\/www.europesays.com\/ch-fr\/wp-json\/wp\/v2\/posts\/290297\/revisions"}],"wp:featuredmedia":[{"embeddable":true,"href":"https:\/\/www.europesays.com\/ch-fr\/wp-json\/wp\/v2\/media\/290298"}],"wp:attachment":[{"href":"https:\/\/www.europesays.com\/ch-fr\/wp-json\/wp\/v2\/media?parent=290297"}],"wp:term":[{"taxonomy":"category","embeddable":true,"href":"https:\/\/www.europesays.com\/ch-fr\/wp-json\/wp\/v2\/categories?post=290297"},{"taxonomy":"post_tag","embeddable":true,"href":"https:\/\/www.europesays.com\/ch-fr\/wp-json\/wp\/v2\/tags?post=290297"}],"curies":[{"name":"wp","href":"https:\/\/api.w.org\/{rel}","templated":true}]}}